{"id":100797,"date":"2025-02-06T21:52:40","date_gmt":"2025-02-06T21:52:40","guid":{"rendered":"https:\/\/tvbrazilusa.com\/2025\/02\/06\/quando-se-tornou-bom-levar-caes-para-o-supermercado-block-talk\/"},"modified":"2025-02-09T08:02:05","modified_gmt":"2025-02-09T08:02:05","slug":"quando-se-tornou-bom-levar-caes-para-o-supermercado-block-talk","status":"publish","type":"post","link":"https:\/\/tvbrazilusa.com\/pt\/2025\/02\/06\/quando-se-tornou-bom-levar-caes-para-o-supermercado-block-talk\/","title":{"rendered":"Quando se tornou bom levar c\u00e3es para o supermercado? [Block Talk]"},"content":{"rendered":"<p> <script async src=\"https:\/\/pagead2.googlesyndication.com\/pagead\/js\/adsbygoogle.js?client=ca-pub-8864793242727901\"\r\n     crossorigin=\"anonymous\"><\/script><br \/>\n<\/p>\n<div>\n<p>Voc\u00ea pode estar se perguntando: quando foi o momento na Am\u00e9rica que se tornou bom para as pessoas trazerem seus c\u00e3es &#8211; n\u00e3o c\u00e3es de servi\u00e7o, lembre -se, mas animais de estima\u00e7\u00e3o &#8211; em lugares como supermercados e outros com comida?<\/p>\n<\/div>\n<div>\n<p>Talvez n\u00e3o deva ser uma surpresa. Quase dois ter\u00e7os dos americanos t\u00eam um animal de estima\u00e7\u00e3o e 97 % deles os tratam como faria com um membro da fam\u00edlia humana, de acordo com um <a href=\"https:\/\/www.pewresearch.org\/short-reads\/2023\/07\/07\/about-half-us-of-pet-owners-say-their-pets-are-as-much-a-part-of-their-family-as-a-human-member\/\" rel=\"nofollow\" target=\"_blank\">PEW Research Center Study<\/a>.<\/p>\n<p>Mas isso deveria significar levar as compras de c\u00e3es da fam\u00edlia? (Para ficar claro, n\u00e3o estamos falando de animais treinados de servi\u00e7o que permanecem calmamente ao lado de sua pessoa ou a seus p\u00e9s, a menos que haja uma amea\u00e7a \u00e0 sua pessoa.)<\/p>\n<\/div>\n<div>\n<p>Existe uma linha de estabelecimento de varejo que os c\u00e3es nunca devem atravessar? Tudo bem lev\u00e1 -los a uma loja de animais, centro de jardinagem ou loja de melhoramento da casa? Est\u00e1 pedindo muita gra\u00e7a de outros compradores para lev\u00e1 -los ao supermercado, lojas de shopping e lugares para comer e beber?<\/p>\n<p>Estamos pedindo conversas em bloco, a coluna exclusiva da etiqueta do bairro de Patch. Basta preencher o formul\u00e1rio abaixo. Como sempre, n\u00e3o coletamos endere\u00e7os de e -mail.<\/p>\n<\/div>\n<div>\n<figure class=\"r-embed\"><iframe src=\"\" width=\"640\" height=\"920\" marginheight=\"0\" marginwidth=\"0\" data-src=\"https:\/\/docs.google.com\/forms\/d\/e\/1FAIpQLSddkskbV3wZtUPdwiziaG0oJGW2FWJdRQmllVqc6QfbJQ1pIA\/viewform?embedded=true\">Carregando\u2026<\/iframe><\/figure>\n<h3>Sobre Block Talk<\/h3>\n<p>Block Talk \u00e9 uma s\u00e9rie de patches exclusiva sobre a etiqueta do bairro &#8211; e os leitores fornecem as respostas. Se voc\u00ea tem um t\u00f3pico que deseja considerar, envie um email para Beth.dalbey@patch.com com &#8220;Block Talk&#8221; como a linha de assunto.<\/p>\n<p><a href=\"https:\/\/patch.com\/us\/across-america\/topics\/block-talk\"><strong>Alcance em Block Talk<\/strong><\/a><\/p>\n<\/div>\n<p><br \/>\n<br \/><a href=\"http:\/\/patch.com\/us\/across-america\/when-did-it-become-ok-take-dogs-grocery-store-block-talk?utm_source=article-mostrecent&#038;utm_medium=rss&#038;utm_term=community%20corner&#038;utm_campaign=recirc&#038;utm_content=aol\">Source link <\/a><\/p>","protected":false},"excerpt":{"rendered":"<p>Voc\u00ea pode estar se perguntando: quando foi o momento na Am\u00e9rica que se tornou bom para as pessoas trazerem seus c\u00e3es &#8211; n\u00e3o c\u00e3es de servi\u00e7o, lembre -se, mas animais&hellip;<\/p>","protected":false},"author":1,"featured_media":100798,"comment_status":"closed","ping_status":"open","sticky":false,"template":"","format":"standard","meta":{"content-type":"","footnotes":""},"categories":[1],"tags":[],"class_list":["post-100797","post","type-post","status-publish","format-standard","has-post-thumbnail","hentry","category-uncategorized"],"_links":{"self":[{"href":"https:\/\/tvbrazilusa.com\/pt\/wp-json\/wp\/v2\/posts\/100797","targetHints":{"allow":["GET"]}}],"collection":[{"href":"https:\/\/tvbrazilusa.com\/pt\/wp-json\/wp\/v2\/posts"}],"about":[{"href":"https:\/\/tvbrazilusa.com\/pt\/wp-json\/wp\/v2\/types\/post"}],"author":[{"embeddable":true,"href":"https:\/\/tvbrazilusa.com\/pt\/wp-json\/wp\/v2\/users\/1"}],"replies":[{"embeddable":true,"href":"https:\/\/tvbrazilusa.com\/pt\/wp-json\/wp\/v2\/comments?post=100797"}],"version-history":[{"count":1,"href":"https:\/\/tvbrazilusa.com\/pt\/wp-json\/wp\/v2\/posts\/100797\/revisions"}],"predecessor-version":[{"id":100799,"href":"https:\/\/tvbrazilusa.com\/pt\/wp-json\/wp\/v2\/posts\/100797\/revisions\/100799"}],"wp:featuredmedia":[{"embeddable":true,"href":"https:\/\/tvbrazilusa.com\/pt\/wp-json\/wp\/v2\/media\/100798"}],"wp:attachment":[{"href":"https:\/\/tvbrazilusa.com\/pt\/wp-json\/wp\/v2\/media?parent=100797"}],"wp:term":[{"taxonomy":"category","embeddable":true,"href":"https:\/\/tvbrazilusa.com\/pt\/wp-json\/wp\/v2\/categories?post=100797"},{"taxonomy":"post_tag","embeddable":true,"href":"https:\/\/tvbrazilusa.com\/pt\/wp-json\/wp\/v2\/tags?post=100797"}],"curies":[{"name":"wp","href":"https:\/\/api.w.org\/{rel}","templated":true}]}}