{"id":100979,"date":"2025-02-09T20:00:43","date_gmt":"2025-02-09T20:00:43","guid":{"rendered":"https:\/\/tvbrazilusa.com\/2025\/02\/09\/senador-ciro-nogueira-diz-que-pl-da-anistia-tem-que-ser-votado-em-regime-de-urgencia-ha-um-consenso-em-brasilia-de-que-isso-e-uma-injustica-veja-video\/"},"modified":"2025-02-09T20:00:45","modified_gmt":"2025-02-09T20:00:45","slug":"senador-ciro-nogueira-diz-que-pl-da-anistia-tem-que-ser-votado-em-regime-de-urgencia-ha-um-consenso-em-brasilia-de-que-isso-e-uma-injustica-veja-video","status":"publish","type":"post","link":"https:\/\/tvbrazilusa.com\/pt\/2025\/02\/09\/senador-ciro-nogueira-diz-que-pl-da-anistia-tem-que-ser-votado-em-regime-de-urgencia-ha-um-consenso-em-brasilia-de-que-isso-e-uma-injustica-veja-video\/","title":{"rendered":"Senador Ciro Nogueira diz que PL da anistia tem que ser votado em regime de urg\u00eancia: \u2018H\u00e1 um consenso em Bras\u00edlia de que isso \u00e9 uma injusti\u00e7a\u2019; VEJA V\u00cdDEO"},"content":{"rendered":"<p> <script async src=\"https:\/\/pagead2.googlesyndication.com\/pagead\/js\/adsbygoogle.js?client=ca-pub-8864793242727901\"\r\n     crossorigin=\"anonymous\"><\/script><br \/>\n<\/p>\n<div id=\"taboola-read-more\" style=\"display:block; width:100%\">\n<p>Neste s\u00e1bado, 8 de fevereiro de 2025, o senador Ciro Nogueira, presidente do partido Progressistas, concedeu uma entrevista \u00e0 CNN onde expressou sua preocupa\u00e7\u00e3o com as penas impostas aos envolvidos nos tumultos de 8 de janeiro de 2023, quando manifestantes invadiram as sedes dos tr\u00eas poderes em Bras\u00edlia.\n<\/p>\n<p>Nogueira criticou veementemente a severidade dessas penas, afirmando que &#8220;uma pessoa que quebrou um vidro e pegou 18 anos de cadeia n\u00e3o tem cabimento&#8221;, classificando os atos como vandalismo e n\u00e3o como um golpe contra o Estado.<\/p>\n<p>Durante a entrevista, ele tamb\u00e9m destacou que h\u00e1 um consenso em Bras\u00edlia para acelerar a tramita\u00e7\u00e3o do Projeto de Lei (PL) da Anistia, que visa reduzir ou perdoar as penas dos envolvidos naqueles eventos. Nogueira defendeu que a PL seja votada em regime de urg\u00eancia, argumentando que os indiv\u00edduos deveriam ser punidos de acordo com a natureza vandalista de suas a\u00e7\u00f5es, e n\u00e3o como se tivessem participado de uma tentativa de golpe. Para acompanhar a entrevista na \u00edntegra, veja o v\u00eddeo disponibilizado pela CNN.\n<\/p>\n<p>Veja V\u00eddeo:\n<\/p>\n<p>Por Jr. Melo              <\/p>\n<\/div>\n<p><br \/>\n<br \/><a href=\"https:\/\/diariodobrasilnoticias.com.br\/noticia\/senador-ciro-nogueira-diz-que-pl-da-anistia-tem-que-ser-votado-em-regime-de-urgencia-ha-um-consenso-em-brasilia-de-que-isso-e-uma-injustica-veja-video-67a8e1847f476\">Source link <\/a><\/p>","protected":false},"excerpt":{"rendered":"<p>Neste s\u00e1bado, 8 de fevereiro de 2025, o senador Ciro Nogueira, presidente do partido Progressistas, concedeu uma entrevista \u00e0 CNN onde expressou sua preocupa\u00e7\u00e3o com as penas impostas aos envolvidos&hellip;<\/p>","protected":false},"author":1,"featured_media":100980,"comment_status":"closed","ping_status":"open","sticky":false,"template":"","format":"standard","meta":{"content-type":"","footnotes":""},"categories":[16],"tags":[123,2448,5313,1267],"class_list":["post-100979","post","type-post","status-publish","format-standard","has-post-thumbnail","hentry","category-noticias","tag-brasil","tag-diario","tag-noticia","tag-noticias"],"_links":{"self":[{"href":"https:\/\/tvbrazilusa.com\/pt\/wp-json\/wp\/v2\/posts\/100979","targetHints":{"allow":["GET"]}}],"collection":[{"href":"https:\/\/tvbrazilusa.com\/pt\/wp-json\/wp\/v2\/posts"}],"about":[{"href":"https:\/\/tvbrazilusa.com\/pt\/wp-json\/wp\/v2\/types\/post"}],"author":[{"embeddable":true,"href":"https:\/\/tvbrazilusa.com\/pt\/wp-json\/wp\/v2\/users\/1"}],"replies":[{"embeddable":true,"href":"https:\/\/tvbrazilusa.com\/pt\/wp-json\/wp\/v2\/comments?post=100979"}],"version-history":[{"count":1,"href":"https:\/\/tvbrazilusa.com\/pt\/wp-json\/wp\/v2\/posts\/100979\/revisions"}],"predecessor-version":[{"id":100981,"href":"https:\/\/tvbrazilusa.com\/pt\/wp-json\/wp\/v2\/posts\/100979\/revisions\/100981"}],"wp:featuredmedia":[{"embeddable":true,"href":"https:\/\/tvbrazilusa.com\/pt\/wp-json\/wp\/v2\/media\/100980"}],"wp:attachment":[{"href":"https:\/\/tvbrazilusa.com\/pt\/wp-json\/wp\/v2\/media?parent=100979"}],"wp:term":[{"taxonomy":"category","embeddable":true,"href":"https:\/\/tvbrazilusa.com\/pt\/wp-json\/wp\/v2\/categories?post=100979"},{"taxonomy":"post_tag","embeddable":true,"href":"https:\/\/tvbrazilusa.com\/pt\/wp-json\/wp\/v2\/tags?post=100979"}],"curies":[{"name":"wp","href":"https:\/\/api.w.org\/{rel}","templated":true}]}}