{"id":100982,"date":"2025-02-09T20:12:40","date_gmt":"2025-02-09T20:12:40","guid":{"rendered":"https:\/\/tvbrazilusa.com\/2025\/02\/09\/crime-organizado-se-infiltrou-nos-postos-de-combustivel-diz-sarrubbo\/"},"modified":"2025-02-09T20:12:44","modified_gmt":"2025-02-09T20:12:44","slug":"crime-organizado-se-infiltrou-nos-postos-de-combustivel-diz-sarrubbo","status":"publish","type":"post","link":"https:\/\/tvbrazilusa.com\/pt\/2025\/02\/09\/crime-organizado-se-infiltrou-nos-postos-de-combustivel-diz-sarrubbo\/","title":{"rendered":"Crime organizado se infiltrou nos postos de combust\u00edvel, diz Sarrubbo"},"content":{"rendered":"<p> <script async src=\"https:\/\/pagead2.googlesyndication.com\/pagead\/js\/adsbygoogle.js?client=ca-pub-8864793242727901\"\r\n     crossorigin=\"anonymous\"><\/script><br \/>\n<\/p>\n<div id=\"taboola-read-more\" style=\"display:block; width:100%\">\n<p>M\u00e1rio Sarrubbo, secret\u00e1rio nacional de Seguran\u00e7a P\u00fablica, afirmou em entrevista divulgada neste domingo (9.fev.2025) que postos de combust\u00edveis do Brasil est\u00e3o infiltrados pelo\u00a0<a href=\"https:\/\/12ft.io\/proxy?q=https%3A%2F%2Fwww.poder360.com.br%2Fpoder-justica%2Fcrime-controla-mais-de-mil-postos-de-gasolina-diz-ministro%2F\" target=\"_parent\">crime organizado<\/a>. O secret\u00e1rio defendeu um conjunto de a\u00e7\u00f5es para reduzir a letalidade em favelas do Rio de Janeiro.\n<\/p>\n<p><em>\u201cH\u00e1 um problema muito grande no Brasil envolvendo postos de combust\u00edveis. H\u00e1 infiltra\u00e7\u00e3o de crime organizado, h\u00e1 in\u00fameras formas de se fraudar essa atividade econ\u00f4mica t\u00e3o importante para o pa\u00eds. Temos uma expectativa muito positiva de que vamos avan\u00e7ar. Teremos \u00e0 frente grandes opera\u00e7\u00f5es protagonizadas pelas nossas pol\u00edcias estaduais, pol\u00edcias federais e um trabalho efetivamente integrado\u201d<\/em>, disse o secret\u00e1rio ao UOL.<\/p>\n<p>De acordo com Sarrubbo, o Estado brasileiro necessita\u00a0<em>\u201creagir\u201d<\/em>\u00a0ao crime. O secret\u00e1rio avalia que o Executivo n\u00e3o deve enfrentar problemas no campo da seguran\u00e7a p\u00fablica com o Congresso, j\u00e1 que ser\u00e1 um dos temas principais abordados no Senado e na C\u00e2mara este ano.\n<\/p>\n<p>Ricardo Lewandowski, ministro da Justi\u00e7a e Seguran\u00e7a P\u00fablica, divulgou na \u00faltima semana que a Pol\u00edcia Federal abrir\u00e1 um inqu\u00e9rito para investiga\u00e7\u00e3o da presen\u00e7a do crime organizado no postos de distribui\u00e7\u00e3o de combust\u00edveis no Brasil. O an\u00fancio do ministro aconteceu depois de uma reuni\u00e3o do N\u00facleo Estrat\u00e9gico de Combate ao Crime Organizado.\n<\/p>\n<p>De acordo com Sarrubbo, os trabalhos devem envolver a Pol\u00edcia Federal, Pol\u00edcia Rodovi\u00e1ria Federal, Ag\u00eancia Nacional do Petr\u00f3leo, G\u00e1s Natural e Biocombust\u00edveis, Conselho Administrativo de Defesa Econ\u00f4mica e Conselho de Controle de Atividades Financeiras.\n<\/p>\n<p><em>\u201cEsse n\u00facleo institu\u00eddo pelo ministro \u00e9 a consagra\u00e7\u00e3o de um trabalho integrado, estrat\u00e9gico e focado em um dos principais problemas do Brasil e um dos pontos de atua\u00e7\u00e3o da criminalidade organizada, que lava dinheiro nessa atividade. Precisamos reagir\u201d<\/em>, afirmou.\n<\/p>\n<p>Sarrubbo, que \u00e9 ex-procurador-geral da Justi\u00e7a de S\u00e3o Paulo, afirmou que guardas civis metropolitanas n\u00e3o podem ter ideologia. O secret\u00e1rio disse tamb\u00e9m que se preocupa com o fato de pol\u00edticos usarem as guardas como plataformas pol\u00edticas.\n<\/p>\n<p>Para o secret\u00e1rio, \u00e9 preciso padronizar os procedimentos da Guarda Civil Municipal em territ\u00f3rio nacional.\u00a0<em>\u201cO Brasil tem muitos munic\u00edpios, \u00e9 um pa\u00eds continental. N\u00e3o podemos admitir que cada munic\u00edpio tenha a sua for\u00e7a com conceitos e treinamentos diferentes, sendo um instrumento de pol\u00edtica. Vai ficar muito perigoso n\u00f3s avan\u00e7armos com cada prefeito tendo a sua guarda atuando de uma determinada forma\u201d<\/em>, disse.\n<\/p>\n<p>Com informa\u00e7\u00f5es poder360              <\/p>\n<\/div>\n<p><br \/>\n<br \/><a href=\"https:\/\/diariodobrasilnoticias.com.br\/noticia\/crime-organizado-se-infiltrou-nos-postos-de-combustivel-diz-sarrubbo-67a8efc21d2dc\">Source link <\/a><\/p>","protected":false},"excerpt":{"rendered":"<p>M\u00e1rio Sarrubbo, secret\u00e1rio nacional de Seguran\u00e7a P\u00fablica, afirmou em entrevista divulgada neste domingo (9.fev.2025) que postos de combust\u00edveis do Brasil est\u00e3o infiltrados pelo\u00a0crime organizado. O secret\u00e1rio defendeu um conjunto de&hellip;<\/p>","protected":false},"author":1,"featured_media":100983,"comment_status":"closed","ping_status":"open","sticky":false,"template":"","format":"standard","meta":{"content-type":"","footnotes":""},"categories":[16],"tags":[123,2448,5313,1267],"class_list":["post-100982","post","type-post","status-publish","format-standard","has-post-thumbnail","hentry","category-noticias","tag-brasil","tag-diario","tag-noticia","tag-noticias"],"_links":{"self":[{"href":"https:\/\/tvbrazilusa.com\/pt\/wp-json\/wp\/v2\/posts\/100982","targetHints":{"allow":["GET"]}}],"collection":[{"href":"https:\/\/tvbrazilusa.com\/pt\/wp-json\/wp\/v2\/posts"}],"about":[{"href":"https:\/\/tvbrazilusa.com\/pt\/wp-json\/wp\/v2\/types\/post"}],"author":[{"embeddable":true,"href":"https:\/\/tvbrazilusa.com\/pt\/wp-json\/wp\/v2\/users\/1"}],"replies":[{"embeddable":true,"href":"https:\/\/tvbrazilusa.com\/pt\/wp-json\/wp\/v2\/comments?post=100982"}],"version-history":[{"count":1,"href":"https:\/\/tvbrazilusa.com\/pt\/wp-json\/wp\/v2\/posts\/100982\/revisions"}],"predecessor-version":[{"id":100984,"href":"https:\/\/tvbrazilusa.com\/pt\/wp-json\/wp\/v2\/posts\/100982\/revisions\/100984"}],"wp:featuredmedia":[{"embeddable":true,"href":"https:\/\/tvbrazilusa.com\/pt\/wp-json\/wp\/v2\/media\/100983"}],"wp:attachment":[{"href":"https:\/\/tvbrazilusa.com\/pt\/wp-json\/wp\/v2\/media?parent=100982"}],"wp:term":[{"taxonomy":"category","embeddable":true,"href":"https:\/\/tvbrazilusa.com\/pt\/wp-json\/wp\/v2\/categories?post=100982"},{"taxonomy":"post_tag","embeddable":true,"href":"https:\/\/tvbrazilusa.com\/pt\/wp-json\/wp\/v2\/tags?post=100982"}],"curies":[{"name":"wp","href":"https:\/\/api.w.org\/{rel}","templated":true}]}}