{"id":100985,"date":"2025-02-09T20:24:47","date_gmt":"2025-02-09T20:24:47","guid":{"rendered":"https:\/\/tvbrazilusa.com\/2025\/02\/09\/forcas-de-seguranca-da-india-mataram-31-rebeldes-em-uma-operacao-militar-na-manha-deste-domingo\/"},"modified":"2025-02-09T20:24:51","modified_gmt":"2025-02-09T20:24:51","slug":"forcas-de-seguranca-da-india-mataram-31-rebeldes-em-uma-operacao-militar-na-manha-deste-domingo","status":"publish","type":"post","link":"https:\/\/tvbrazilusa.com\/pt\/2025\/02\/09\/forcas-de-seguranca-da-india-mataram-31-rebeldes-em-uma-operacao-militar-na-manha-deste-domingo\/","title":{"rendered":"For\u00e7as de seguran\u00e7a da \u00cdndia mataram 31 rebeldes em uma opera\u00e7\u00e3o militar, na manh\u00e3 deste domingo"},"content":{"rendered":"<p> <script async src=\"https:\/\/pagead2.googlesyndication.com\/pagead\/js\/adsbygoogle.js?client=ca-pub-8864793242727901\"\r\n     crossorigin=\"anonymous\"><\/script><br \/>\n<\/p>\n<div id=\"taboola-read-more\" style=\"display:block; width:100%\">\n<p>A opera\u00e7\u00e3o, que aconteceu na regi\u00e3o central do pa\u00eds conhecida por abrigar rebeldes que enfrentam o governo, tamb\u00e9m deixou dois soldados indianos mortos.\n<\/p>\n<p>Em uma opera\u00e7\u00e3o militar de grande escala, as for\u00e7as de seguran\u00e7a da \u00cdndia mataram 31 rebeldes na manh\u00e3 deste domingo. A a\u00e7\u00e3o aconteceu em uma regi\u00e3o do norte do pa\u00eds, onde grupos insurgentes v\u00eam promovendo atividades violentas. Segundo autoridades locais, a opera\u00e7\u00e3o foi cuidadosamente planejada e visou enfraquecer organiza\u00e7\u00f5es que t\u00eam gerado instabilidade na \u00e1rea.<\/p>\n<p>A opera\u00e7\u00e3o envolveu for\u00e7as do ex\u00e9rcito, da pol\u00edcia e de unidades especiais, que cercaram os suspeitos em uma \u00e1rea montanhosa, conhecida por ser um ponto estrat\u00e9gico de guerrilhas. De acordo com os militares, a resist\u00eancia dos rebeldes foi feroz, mas as for\u00e7as de seguran\u00e7a conseguiram neutraliz\u00e1-los ap\u00f3s intensos confrontos.\n<\/p>\n<p>Embora o governo indiano tenha expressado solidariedade \u00e0s fam\u00edlias afetadas pela viol\u00eancia, a opera\u00e7\u00e3o levanta quest\u00f5es sobre os esfor\u00e7os para resolver as tens\u00f5es entre o Estado e os movimentos separatistas, que t\u00eam se intensificado nas \u00faltimas d\u00e9cadas. A \u00cdndia enfrenta uma s\u00e9rie de insurg\u00eancias em v\u00e1rias regi\u00f5es, e o governo continua com opera\u00e7\u00f5es para combater grupos armados que buscam autonomia ou a independ\u00eancia de certos territ\u00f3rios.\n<\/p>\n<p>As autoridades tamb\u00e9m afirmaram que os detalhes sobre a opera\u00e7\u00e3o ainda est\u00e3o sendo apurados e mais informa\u00e7\u00f5es ser\u00e3o fornecidas conforme necess\u00e1rio.\n<\/p>\n<p><a href=\"https:\/\/x.com\/i\/status\/1888637633133199678\">https:\/\/x.com\/i\/status\/1888637633133199678<\/a>\n              <\/p>\n<\/div>\n<p><br \/>\n<br \/><a href=\"https:\/\/diariodobrasilnoticias.com.br\/noticia\/forcas-de-seguranca-da-india-mataram-31-rebeldes-em-uma-operacao-militar-na-manha-deste-domingo-67a8f123bfb6f\">Source link <\/a><\/p>","protected":false},"excerpt":{"rendered":"<p>A opera\u00e7\u00e3o, que aconteceu na regi\u00e3o central do pa\u00eds conhecida por abrigar rebeldes que enfrentam o governo, tamb\u00e9m deixou dois soldados indianos mortos. Em uma opera\u00e7\u00e3o militar de grande escala,&hellip;<\/p>","protected":false},"author":1,"featured_media":100986,"comment_status":"closed","ping_status":"open","sticky":false,"template":"","format":"standard","meta":{"content-type":"","footnotes":""},"categories":[16],"tags":[123,2448,5313,1267],"class_list":["post-100985","post","type-post","status-publish","format-standard","has-post-thumbnail","hentry","category-noticias","tag-brasil","tag-diario","tag-noticia","tag-noticias"],"_links":{"self":[{"href":"https:\/\/tvbrazilusa.com\/pt\/wp-json\/wp\/v2\/posts\/100985","targetHints":{"allow":["GET"]}}],"collection":[{"href":"https:\/\/tvbrazilusa.com\/pt\/wp-json\/wp\/v2\/posts"}],"about":[{"href":"https:\/\/tvbrazilusa.com\/pt\/wp-json\/wp\/v2\/types\/post"}],"author":[{"embeddable":true,"href":"https:\/\/tvbrazilusa.com\/pt\/wp-json\/wp\/v2\/users\/1"}],"replies":[{"embeddable":true,"href":"https:\/\/tvbrazilusa.com\/pt\/wp-json\/wp\/v2\/comments?post=100985"}],"version-history":[{"count":1,"href":"https:\/\/tvbrazilusa.com\/pt\/wp-json\/wp\/v2\/posts\/100985\/revisions"}],"predecessor-version":[{"id":100987,"href":"https:\/\/tvbrazilusa.com\/pt\/wp-json\/wp\/v2\/posts\/100985\/revisions\/100987"}],"wp:featuredmedia":[{"embeddable":true,"href":"https:\/\/tvbrazilusa.com\/pt\/wp-json\/wp\/v2\/media\/100986"}],"wp:attachment":[{"href":"https:\/\/tvbrazilusa.com\/pt\/wp-json\/wp\/v2\/media?parent=100985"}],"wp:term":[{"taxonomy":"category","embeddable":true,"href":"https:\/\/tvbrazilusa.com\/pt\/wp-json\/wp\/v2\/categories?post=100985"},{"taxonomy":"post_tag","embeddable":true,"href":"https:\/\/tvbrazilusa.com\/pt\/wp-json\/wp\/v2\/tags?post=100985"}],"curies":[{"name":"wp","href":"https:\/\/api.w.org\/{rel}","templated":true}]}}