{"id":100991,"date":"2025-02-09T20:45:17","date_gmt":"2025-02-09T20:45:17","guid":{"rendered":"https:\/\/tvbrazilusa.com\/2025\/02\/09\/a-estrela-dos-76ers-joel-embiid-acredita-que-precisara-de-outra-cirurgia-no-joelho-nesta-temporada\/"},"modified":"2025-02-09T20:50:03","modified_gmt":"2025-02-09T20:50:03","slug":"a-estrela-dos-76ers-joel-embiid-acredita-que-precisara-de-outra-cirurgia-no-joelho-nesta-temporada","status":"publish","type":"post","link":"https:\/\/tvbrazilusa.com\/pt\/2025\/02\/09\/a-estrela-dos-76ers-joel-embiid-acredita-que-precisara-de-outra-cirurgia-no-joelho-nesta-temporada\/","title":{"rendered":"A estrela dos 76ers, Joel Embiid, acredita que precisar\u00e1 de outra cirurgia no joelho nesta temporada"},"content":{"rendered":"<script async src=\"https:\/\/pagead2.googlesyndication.com\/pagead\/js\/adsbygoogle.js?client=ca-pub-8864793242727901\"\r\n     crossorigin=\"anonymous\"><\/script>\n<div>\n<p class=\"article__paragraph article__paragraph--left\" id=\"2XPVDTJAFZEQBOZJTVFCBYY7YQ\"><a href=\"https:\/\/www.nj.com\/sixers\/\" target=\"_blank\">Philadelphia 76ers<\/a> estrela <a href=\"https:\/\/www.nj.com\/sixers\/2025\/01\/joel-embiid-to-miss-more-games-as-time-is-running-short-for-the-76ers.html\" target=\"_blank\">Joel Embiid<\/a> diz que precisa de outra cirurgia no joelho nesta temporada que exigir\u00e1 um processo de reabilita\u00e7\u00e3o &#8220;longo&#8221;.<\/p>\n<p class=\"article__paragraph article__paragraph--left\" id=\"EK4KFKDC7VBHJHE44J4LSOJ4LU\">&#8220;Ele disse que acha que provavelmente far\u00e1 outra cirurgia e um longo per\u00edodo de recupera\u00e7\u00e3o, algo que n\u00e3o teve ap\u00f3s a les\u00e3o inicial em fevereiro passado&#8221;, disse Lisa Salters, da ESPN, no ar durante o intervalo do jogo dos 76ers-Bucks no domingo \u00e0 tarde.<\/p>\n<p class=\"article__paragraph article__paragraph--left\" id=\"2F255J4YXJFQPBBU6X7D4CQHR4\">Embiid teve v\u00e1rias cirurgias durante sua carreira no p\u00e9, osso orbital, dedo, polegar e joelho esquerdo. Ele tamb\u00e9m revelou que tem a paralisia de Bell, o que resulta em paralisia de seu rosto, enxaqueca e vis\u00e3o turva.<\/p>\n<p class=\"article__paragraph article__paragraph--left\" id=\"VWEGV3GRKJCCHEHPRKO65JSZRQ\">\u201c\u201c[Embiid] Dito ainda estar falando sobre isso e lidar com isso quase um ano inteiro depois de quando a les\u00e3o ocorreu, ele disse que foi frustrante e a coisa mais dif\u00edcil que ele j\u00e1 teve que seguir em sua carreira \u201d, disse Salters. \u201cEle disse que gostaria de poder jogar em todos os jogos, mas seu corpo simplesmente n\u00e3o est\u00e1 permitindo que ele fa\u00e7a isso agora, que quando o joelho inchar, n\u00e3o h\u00e1 nada que ele possa realmente fazer sobre isso. O GM Sixers, Daryl Morey, disse esta semana que a organiza\u00e7\u00e3o espera que chegue um momento em que o joelho n\u00e3o seja mais um problema, e Embiid disse que acredita que ser\u00e1 o caso. \u201d<\/p>\n<p class=\"article__paragraph article__paragraph--left\" id=\"BVS5V6W4H5CS3MWJZDHCW4XB2Y\">A Embiid perdeu a totalidade da pr\u00e9 -temporada com o \u201cgerenciamento de les\u00f5es no joelho esquerdo. Ele foi descartado para a abertura da temporada regular da Filad\u00e9lfia pelo mesmo motivo.<\/p>\n<p class=\"article__paragraph article__paragraph--left\" id=\"3KNKXWJ5SNGSRN4LDGFE4HFFYE\">Em 12 de novembro, Embiid fez sua estr\u00e9ia na temporada regular depois de perder seis jogos para gerenciamento de les\u00f5es no joelho e tr\u00eas jogos para um <a href=\"https:\/\/www.nj.com\/sixers\/2024\/11\/joel-embiid-shoves-columnist-over-dead-brother-comments-nba-investigating.html\" target=\"_blank\">Suspens\u00e3o exigida pela liga por empurrar um colunista.<\/a><\/p>\n<p class=\"article__paragraph article__paragraph--left\" id=\"2SXQXAK7ARC7RANSHZDIUHL2AY\">Ele teve uma m\u00e9dia de 24,6 pontos, 8,1 rebotes e 4,4 assist\u00eancias em 15 jogos nesta temporada, enquanto o Sixers lutou para manter seus \u201cgrandes 3 &#8216;de Embiid, Paul George e Tyrese Maxey saud\u00e1veis.<\/p>\n<p class=\"article__paragraph article__paragraph--left\" id=\"L5SX6QYCFZAXRLFNOFUY3OPCXI\"><i>Obrigado por confiar em n\u00f3s para fornecer o jornalismo em que voc\u00ea pode confiar. Por favor, considere nos apoiar com uma assinatura.<\/i><\/p>\n<p class=\"article__paragraph article__paragraph--left\" id=\"NDR6BK3CL5FRXIRAHKS2UYG3YQ\"><i>Adam Zagoria \u00e9 um rep\u00f3rter freelancer que cobre Seton Hall e NJ College Basketball para a NJ Advance Media. Voc\u00ea pode segui -lo no Twitter @<\/i><a href=\"https:\/\/twitter.com\/AdamZagoria\"><i>Adamzagoria <\/i><\/a><i>e confira o site dele em <\/i><a href=\"https:\/\/www.zagsblog.com\/\"><i>Zagsblog.com<\/i><\/a><i>.<\/i><\/p>\n<\/div>\n<p><script async src=\"\/\/platform.twitter.com\/widgets.js\" charset=\"utf-8\"><\/script><br \/>\n<br \/><br \/>\n<br \/><a href=\"https:\/\/www.nj.com\/sixers\/2025\/02\/76ers-star-joel-embiid-believes-he-will-need-another-knee-surgery-this-offseason.html\">Source link <\/a><\/p>","protected":false},"excerpt":{"rendered":"<p>Philadelphia 76ers estrela Joel Embiid diz que precisa de outra cirurgia no joelho nesta temporada que exigir\u00e1 um processo de reabilita\u00e7\u00e3o &#8220;longo&#8221;. &#8220;Ele disse que acha que provavelmente far\u00e1 outra&hellip;<\/p>","protected":false},"author":1,"featured_media":100992,"comment_status":"closed","ping_status":"open","sticky":false,"template":"","format":"standard","meta":{"content-type":"","footnotes":""},"categories":[1],"tags":[31052],"class_list":["post-100991","post","type-post","status-publish","format-standard","has-post-thumbnail","hentry","category-uncategorized","tag-remoto"],"_links":{"self":[{"href":"https:\/\/tvbrazilusa.com\/pt\/wp-json\/wp\/v2\/posts\/100991","targetHints":{"allow":["GET"]}}],"collection":[{"href":"https:\/\/tvbrazilusa.com\/pt\/wp-json\/wp\/v2\/posts"}],"about":[{"href":"https:\/\/tvbrazilusa.com\/pt\/wp-json\/wp\/v2\/types\/post"}],"author":[{"embeddable":true,"href":"https:\/\/tvbrazilusa.com\/pt\/wp-json\/wp\/v2\/users\/1"}],"replies":[{"embeddable":true,"href":"https:\/\/tvbrazilusa.com\/pt\/wp-json\/wp\/v2\/comments?post=100991"}],"version-history":[{"count":1,"href":"https:\/\/tvbrazilusa.com\/pt\/wp-json\/wp\/v2\/posts\/100991\/revisions"}],"predecessor-version":[{"id":100993,"href":"https:\/\/tvbrazilusa.com\/pt\/wp-json\/wp\/v2\/posts\/100991\/revisions\/100993"}],"wp:featuredmedia":[{"embeddable":true,"href":"https:\/\/tvbrazilusa.com\/pt\/wp-json\/wp\/v2\/media\/100992"}],"wp:attachment":[{"href":"https:\/\/tvbrazilusa.com\/pt\/wp-json\/wp\/v2\/media?parent=100991"}],"wp:term":[{"taxonomy":"category","embeddable":true,"href":"https:\/\/tvbrazilusa.com\/pt\/wp-json\/wp\/v2\/categories?post=100991"},{"taxonomy":"post_tag","embeddable":true,"href":"https:\/\/tvbrazilusa.com\/pt\/wp-json\/wp\/v2\/tags?post=100991"}],"curies":[{"name":"wp","href":"https:\/\/api.w.org\/{rel}","templated":true}]}}