{"id":101015,"date":"2025-02-09T22:04:26","date_gmt":"2025-02-09T22:04:26","guid":{"rendered":"https:\/\/tvbrazilusa.com\/2025\/02\/09\/quem-coloca-o-ar-condicionado-nesta-temperatura-paga-25-a-mais-na-conta\/"},"modified":"2025-02-09T22:04:27","modified_gmt":"2025-02-09T22:04:27","slug":"quem-coloca-o-ar-condicionado-nesta-temperatura-paga-25-a-mais-na-conta","status":"publish","type":"post","link":"https:\/\/tvbrazilusa.com\/pt\/2025\/02\/09\/quem-coloca-o-ar-condicionado-nesta-temperatura-paga-25-a-mais-na-conta\/","title":{"rendered":"Quem coloca o ar condicionado nesta temperatura paga 25% a mais na conta"},"content":{"rendered":"<p> <script async src=\"https:\/\/pagead2.googlesyndication.com\/pagead\/js\/adsbygoogle.js?client=ca-pub-8864793242727901\"\r\n     crossorigin=\"anonymous\"><\/script><br \/>\n<\/p>\n<div data-unique=\"jnews_module_1180_0_67a8fe473014e\">\n<div class=\"jeg_block_heading jeg_block_heading_9 jeg_subcat_right\">\n<h2 class=\"wp-block-heading\">Qual \u00e9 a Temperatura Ideal para o Ar-Condicionado?<\/h2>\n<p>Para otimizar o uso do ar-condicionado, recomenda-se ajustar a temperatura entre\u00a0<strong>23\u00baC e 25\u00baC<\/strong>. Essa faixa n\u00e3o s\u00f3 proporciona conforto t\u00e9rmico, mas tamb\u00e9m ajuda a manter o ambiente menos seco, beneficiando a sa\u00fade. Al\u00e9m disso, cada grau abaixo dessa faixa pode aumentar o consumo de eletricidade em at\u00e9 5%.\n<\/p>\n<p>O ar-condicionado, junto com outros eletrodom\u00e9sticos como a geladeira, est\u00e1 entre os maiores consumidores de energia em uma resid\u00eancia. Configurar o aparelho para temperaturas muito baixas, como 20\u00baC, pode elevar o consumo em at\u00e9 25%, impactando diretamente na conta de luz.<\/p>\n<figure class=\"wp-block-gallery has-nested-images columns-default is-cropped wp-block-gallery-1 is-layout-flex wp-block-gallery-is-layout-flex\"\/>\n<h2 class=\"wp-block-heading\">Por que a Manuten\u00e7\u00e3o do Ar-Condicionado \u00e9 Importante?<\/h2>\n<p>A manuten\u00e7\u00e3o regular do ar-condicionado \u00e9 crucial para garantir seu funcionamento eficiente. Filtros sujos ou obstru\u00eddos podem for\u00e7ar o aparelho a trabalhar mais, aumentando o consumo de energia. Al\u00e9m disso, a manuten\u00e7\u00e3o preventiva pode prolongar a vida \u00fatil do equipamento e melhorar a qualidade do ar no ambiente.\n<\/p>\n<p>Portanto, \u00e9 aconselh\u00e1vel realizar a limpeza dos filtros e verificar o sistema de refrigera\u00e7\u00e3o periodicamente. Essa pr\u00e1tica n\u00e3o s\u00f3 contribui para a economia de energia, mas tamb\u00e9m para a sa\u00fade dos ocupantes do espa\u00e7o.\n<\/p>\n<h2 class=\"wp-block-heading\">Como a Consci\u00eancia Energ\u00e9tica Pode Beneficiar o Ambiente?<\/h2>\n<p>Adotar pr\u00e1ticas de consumo consciente de<a href=\"https:\/\/www.correiobraziliense.com.br\/cbradar\/categoria\/curiosidades\/\" target=\"_blank\" rel=\"noopener noreferrer\">\u00a0energia<\/a>\u00a0n\u00e3o s\u00f3 alivia o bolso, mas tamb\u00e9m contribui para a sustentabilidade ambiental. Reduzir o consumo de eletricidade ajuda a diminuir a demanda por recursos naturais e a emiss\u00e3o de gases de efeito estufa. Assim, cada pequena a\u00e7\u00e3o em casa pode ter um impacto positivo no meio ambiente.\n<\/p>\n<p>Em suma, o uso respons\u00e1vel do ar-condicionado e de outros aparelhos el\u00e9tricos \u00e9 essencial para um futuro mais sustent\u00e1vel. Com algumas mudan\u00e7as simples nos h\u00e1bitos di\u00e1rios, \u00e9 poss\u00edvel desfrutar do conforto t\u00e9rmico sem comprometer o or\u00e7amento ou o planeta.\n<\/p>\n<p>Com informa\u00e7\u00f5es correiobraziliense\n<\/p>\n<\/div>\n<\/div>\n<p><br \/>\n<br \/><a href=\"https:\/\/diariodobrasilnoticias.com.br\/noticia\/quem-coloca-o-ar-condicionado-nesta-temperatura-paga-25-a-mais-na-conta-67a8ff0dac34e\">Source link <\/a><\/p>","protected":false},"excerpt":{"rendered":"<p>Qual \u00e9 a Temperatura Ideal para o Ar-Condicionado? Para otimizar o uso do ar-condicionado, recomenda-se ajustar a temperatura entre\u00a023\u00baC e 25\u00baC. Essa faixa n\u00e3o s\u00f3 proporciona conforto t\u00e9rmico, mas tamb\u00e9m&hellip;<\/p>","protected":false},"author":1,"featured_media":101016,"comment_status":"closed","ping_status":"open","sticky":false,"template":"","format":"standard","meta":{"content-type":"","footnotes":""},"categories":[16],"tags":[123,2448,5313,1267],"class_list":["post-101015","post","type-post","status-publish","format-standard","has-post-thumbnail","hentry","category-noticias","tag-brasil","tag-diario","tag-noticia","tag-noticias"],"_links":{"self":[{"href":"https:\/\/tvbrazilusa.com\/pt\/wp-json\/wp\/v2\/posts\/101015","targetHints":{"allow":["GET"]}}],"collection":[{"href":"https:\/\/tvbrazilusa.com\/pt\/wp-json\/wp\/v2\/posts"}],"about":[{"href":"https:\/\/tvbrazilusa.com\/pt\/wp-json\/wp\/v2\/types\/post"}],"author":[{"embeddable":true,"href":"https:\/\/tvbrazilusa.com\/pt\/wp-json\/wp\/v2\/users\/1"}],"replies":[{"embeddable":true,"href":"https:\/\/tvbrazilusa.com\/pt\/wp-json\/wp\/v2\/comments?post=101015"}],"version-history":[{"count":1,"href":"https:\/\/tvbrazilusa.com\/pt\/wp-json\/wp\/v2\/posts\/101015\/revisions"}],"predecessor-version":[{"id":101017,"href":"https:\/\/tvbrazilusa.com\/pt\/wp-json\/wp\/v2\/posts\/101015\/revisions\/101017"}],"wp:featuredmedia":[{"embeddable":true,"href":"https:\/\/tvbrazilusa.com\/pt\/wp-json\/wp\/v2\/media\/101016"}],"wp:attachment":[{"href":"https:\/\/tvbrazilusa.com\/pt\/wp-json\/wp\/v2\/media?parent=101015"}],"wp:term":[{"taxonomy":"category","embeddable":true,"href":"https:\/\/tvbrazilusa.com\/pt\/wp-json\/wp\/v2\/categories?post=101015"},{"taxonomy":"post_tag","embeddable":true,"href":"https:\/\/tvbrazilusa.com\/pt\/wp-json\/wp\/v2\/tags?post=101015"}],"curies":[{"name":"wp","href":"https:\/\/api.w.org\/{rel}","templated":true}]}}