{"id":101018,"date":"2025-02-09T22:16:46","date_gmt":"2025-02-09T22:16:46","guid":{"rendered":"https:\/\/tvbrazilusa.com\/2025\/02\/09\/carro-reduz-a-velocidade-para-ver-acidente-causado-por-confronto-policial-e-atingido-por-caminhonete-e-capota-no-parana\/"},"modified":"2025-02-09T22:16:47","modified_gmt":"2025-02-09T22:16:47","slug":"carro-reduz-a-velocidade-para-ver-acidente-causado-por-confronto-policial-e-atingido-por-caminhonete-e-capota-no-parana","status":"publish","type":"post","link":"https:\/\/tvbrazilusa.com\/pt\/2025\/02\/09\/carro-reduz-a-velocidade-para-ver-acidente-causado-por-confronto-policial-e-atingido-por-caminhonete-e-capota-no-parana\/","title":{"rendered":"Carro reduz a velocidade para ver acidente causado por confronto policial, \u00e9 atingido por caminhonete e capota no Paran\u00e1"},"content":{"rendered":"<p> <script async src=\"https:\/\/pagead2.googlesyndication.com\/pagead\/js\/adsbygoogle.js?client=ca-pub-8864793242727901\"\r\n     crossorigin=\"anonymous\"><\/script><br \/>\n<\/p>\n<div data-block-type=\"unstyled\" data-block-weight=\"50\" data-block-id=\"8\">\n<p class=\"content-text__container\" data-track-category=\"Link no Texto\" data-track-links=\"\" data-mrf-recirculation=\"Mat\u00e9ria - Links no Texto\">Ao entrar na rodovia, os policiais atiraram contra os pneus do ve\u00edculo para for\u00e7\u00e1-lo a parar. O motorista da caminhonete furtada perdeu o controle e capotou. Em seguida, conforme a PM, o suspeito desceu do ve\u00edculo atirando contra a equipe policial, que revidou. Ele foi atingido e morreu no local.\n<\/p>\n<\/div>\n<p><br \/>\n<br \/><a href=\"https:\/\/diariodobrasilnoticias.com.br\/noticia\/carro-reduz-a-velocidade-para-ver-acidente-causado-por-confronto-policial-e-atingido-por-caminhonete-e-capota-no-parana-67a8ffe1970f0\">Source link <\/a><\/p>","protected":false},"excerpt":{"rendered":"<p>Ao entrar na rodovia, os policiais atiraram contra os pneus do ve\u00edculo para for\u00e7\u00e1-lo a parar. O motorista da caminhonete furtada perdeu o controle e capotou. Em seguida, conforme a&hellip;<\/p>","protected":false},"author":1,"featured_media":101019,"comment_status":"closed","ping_status":"open","sticky":false,"template":"","format":"standard","meta":{"content-type":"","footnotes":""},"categories":[16],"tags":[123,2448,5313,1267],"class_list":["post-101018","post","type-post","status-publish","format-standard","has-post-thumbnail","hentry","category-noticias","tag-brasil","tag-diario","tag-noticia","tag-noticias"],"_links":{"self":[{"href":"https:\/\/tvbrazilusa.com\/pt\/wp-json\/wp\/v2\/posts\/101018","targetHints":{"allow":["GET"]}}],"collection":[{"href":"https:\/\/tvbrazilusa.com\/pt\/wp-json\/wp\/v2\/posts"}],"about":[{"href":"https:\/\/tvbrazilusa.com\/pt\/wp-json\/wp\/v2\/types\/post"}],"author":[{"embeddable":true,"href":"https:\/\/tvbrazilusa.com\/pt\/wp-json\/wp\/v2\/users\/1"}],"replies":[{"embeddable":true,"href":"https:\/\/tvbrazilusa.com\/pt\/wp-json\/wp\/v2\/comments?post=101018"}],"version-history":[{"count":1,"href":"https:\/\/tvbrazilusa.com\/pt\/wp-json\/wp\/v2\/posts\/101018\/revisions"}],"predecessor-version":[{"id":101020,"href":"https:\/\/tvbrazilusa.com\/pt\/wp-json\/wp\/v2\/posts\/101018\/revisions\/101020"}],"wp:featuredmedia":[{"embeddable":true,"href":"https:\/\/tvbrazilusa.com\/pt\/wp-json\/wp\/v2\/media\/101019"}],"wp:attachment":[{"href":"https:\/\/tvbrazilusa.com\/pt\/wp-json\/wp\/v2\/media?parent=101018"}],"wp:term":[{"taxonomy":"category","embeddable":true,"href":"https:\/\/tvbrazilusa.com\/pt\/wp-json\/wp\/v2\/categories?post=101018"},{"taxonomy":"post_tag","embeddable":true,"href":"https:\/\/tvbrazilusa.com\/pt\/wp-json\/wp\/v2\/tags?post=101018"}],"curies":[{"name":"wp","href":"https:\/\/api.w.org\/{rel}","templated":true}]}}