{"id":101021,"date":"2025-02-09T22:28:40","date_gmt":"2025-02-09T22:28:40","guid":{"rendered":"https:\/\/tvbrazilusa.com\/2025\/02\/09\/antes-e-depois-imagem-antiga-da-familia-de-neymar-viraliza-na-web\/"},"modified":"2025-02-09T22:28:42","modified_gmt":"2025-02-09T22:28:42","slug":"antes-e-depois-imagem-antiga-da-familia-de-neymar-viraliza-na-web","status":"publish","type":"post","link":"https:\/\/tvbrazilusa.com\/pt\/2025\/02\/09\/antes-e-depois-imagem-antiga-da-familia-de-neymar-viraliza-na-web\/","title":{"rendered":"Antes e depois: imagem antiga da fam\u00edlia de Neymar viraliza na web"},"content":{"rendered":"<p> <script async src=\"https:\/\/pagead2.googlesyndication.com\/pagead\/js\/adsbygoogle.js?client=ca-pub-8864793242727901\"\r\n     crossorigin=\"anonymous\"><\/script><br \/>\n<\/p>\n<div id=\"taboola-read-more\" style=\"display:block; width:100%\">\n<p>Neymar voltou a vestir a camisa do\u00a0<strong class=\"font-bold\"><a class=\"font-bold break-normal hover:underline\" href=\"https:\/\/www.lance.com.br\/santos\">Santos<\/a><\/strong>, ap\u00f3s 11 anos de espera, na \u00faltima quarta-feira (5). O retorno aconteceu contra o Botafogo-SP, pela 7\u00aa rodada do Campeonato Paulista, na Vila Belmiro, est\u00e1dio que consagrou o camisa 10. Poucos dias ap\u00f3s ao retorno ao futebol brasileiro, uma imagem antiga do jogador junto a fam\u00edlia viralizou nas redes sociais.\n<\/p>\n<p class=\"w-full text-lg font-krub text-gray-500 leading-30\">Na foto em quest\u00e3o, o meia aparece ainda como crian\u00e7a, de 11 anos, ao lado dos pais Nadine Gon\u00e7alves e Neymar, al\u00e9m da irm\u00e3 Rafaella Santos. No per\u00edodo, o jogador ainda n\u00e3o tinha prosperado esportivamente e financeiramente.<\/p>\n<p class=\"w-full text-lg font-krub text-gray-500 leading-30\">Antes do sucesso nos gramados, Neymar morou em tr\u00eas cidades: Mogi das Cruzes, onde nasceu, S\u00e3o Vicente e em Santos, onde iniciou a trajet\u00f3ria no futebol profissional. A fam\u00edlia do atleta veio de uma origem humilde, o antes e depois surpreendeu a web. Veja abaixo o registro:\n<\/p>\n<p class=\"w-full text-lg font-krub text-gray-500 leading-30\">Fam\u00edlia de Neymar antes da fama (Foto: Reprodu\u00e7\u00e3o)\n<\/p>\n<p class=\"w-full text-lg font-krub text-gray-500 leading-30\">Com informa\u00e7\u00f5es lance.com              <\/p>\n<\/div>\n<p><br \/>\n<br \/><a href=\"https:\/\/diariodobrasilnoticias.com.br\/noticia\/antes-e-depois-imagem-antiga-da-familia-de-neymar-viraliza-na-web-67a900b7f13b9\">Source link <\/a><\/p>","protected":false},"excerpt":{"rendered":"<p>Neymar voltou a vestir a camisa do\u00a0Santos, ap\u00f3s 11 anos de espera, na \u00faltima quarta-feira (5). O retorno aconteceu contra o Botafogo-SP, pela 7\u00aa rodada do Campeonato Paulista, na Vila&hellip;<\/p>","protected":false},"author":1,"featured_media":101022,"comment_status":"closed","ping_status":"open","sticky":false,"template":"","format":"standard","meta":{"content-type":"","footnotes":""},"categories":[16],"tags":[123,2448,5313,1267],"class_list":["post-101021","post","type-post","status-publish","format-standard","has-post-thumbnail","hentry","category-noticias","tag-brasil","tag-diario","tag-noticia","tag-noticias"],"_links":{"self":[{"href":"https:\/\/tvbrazilusa.com\/pt\/wp-json\/wp\/v2\/posts\/101021","targetHints":{"allow":["GET"]}}],"collection":[{"href":"https:\/\/tvbrazilusa.com\/pt\/wp-json\/wp\/v2\/posts"}],"about":[{"href":"https:\/\/tvbrazilusa.com\/pt\/wp-json\/wp\/v2\/types\/post"}],"author":[{"embeddable":true,"href":"https:\/\/tvbrazilusa.com\/pt\/wp-json\/wp\/v2\/users\/1"}],"replies":[{"embeddable":true,"href":"https:\/\/tvbrazilusa.com\/pt\/wp-json\/wp\/v2\/comments?post=101021"}],"version-history":[{"count":1,"href":"https:\/\/tvbrazilusa.com\/pt\/wp-json\/wp\/v2\/posts\/101021\/revisions"}],"predecessor-version":[{"id":101023,"href":"https:\/\/tvbrazilusa.com\/pt\/wp-json\/wp\/v2\/posts\/101021\/revisions\/101023"}],"wp:featuredmedia":[{"embeddable":true,"href":"https:\/\/tvbrazilusa.com\/pt\/wp-json\/wp\/v2\/media\/101022"}],"wp:attachment":[{"href":"https:\/\/tvbrazilusa.com\/pt\/wp-json\/wp\/v2\/media?parent=101021"}],"wp:term":[{"taxonomy":"category","embeddable":true,"href":"https:\/\/tvbrazilusa.com\/pt\/wp-json\/wp\/v2\/categories?post=101021"},{"taxonomy":"post_tag","embeddable":true,"href":"https:\/\/tvbrazilusa.com\/pt\/wp-json\/wp\/v2\/tags?post=101021"}],"curies":[{"name":"wp","href":"https:\/\/api.w.org\/{rel}","templated":true}]}}