{"id":101024,"date":"2025-02-09T22:41:28","date_gmt":"2025-02-09T22:41:28","guid":{"rendered":"https:\/\/tvbrazilusa.com\/2025\/02\/09\/primos-pobres-portugal-e-grecia-agora-sao-amparo-da-zona-do-euro\/"},"modified":"2025-02-09T22:41:30","modified_gmt":"2025-02-09T22:41:30","slug":"primos-pobres-portugal-e-grecia-agora-sao-amparo-da-zona-do-euro","status":"publish","type":"post","link":"https:\/\/tvbrazilusa.com\/pt\/2025\/02\/09\/primos-pobres-portugal-e-grecia-agora-sao-amparo-da-zona-do-euro\/","title":{"rendered":"\u2018Primos pobres\u2019: Portugal e Gr\u00e9cia agora s\u00e3o amparo da zona do euro"},"content":{"rendered":"<p> <script async src=\"https:\/\/pagead2.googlesyndication.com\/pagead\/js\/adsbygoogle.js?client=ca-pub-8864793242727901\"\r\n     crossorigin=\"anonymous\"><\/script><br \/>\n<\/p>\n<div id=\"taboola-read-more\" style=\"display:block; width:100%\">\n<p>H\u00e1 apenas alguns anos, Portugal, It\u00e1lia, Espanha e especialmente a Gr\u00e9cia eram as crian\u00e7as-problema da Uni\u00e3o Europeia (UE) e da zona do euro. Recentemente, no F\u00f3rum Econ\u00f4mico Mundial em Davos, o primeiro-ministro espanhol, Pedro S\u00e1nchez, disse estar convicto de esse n\u00e3o ser mais o caso: \u201cN\u00f3s, do sul, tamb\u00e9m podemos contribuir com solu\u00e7\u00f5es para os problemas comuns\u201d.\n<\/p>\n<p>Ele falou sobre a possibilidade de produzir e exportar mais energia limpa \u2013 na Espanha, principalmente energia solar \u2013 em meio \u00e0 crise energ\u00e9tica gerada ap\u00f3s a invas\u00e3o russa da Ucr\u00e2nia. Dessa forma, segundo S\u00e1nchez, seu pa\u00eds dever\u00e1 se tornar a \u201cmelhor economia do mundo\u201d.<\/p>\n<h3>Alemanha cria divis\u00e3o sul-norte<\/h3>\n<p>Da perspectiva pan-europeia, no entanto, a situa\u00e7\u00e3o n\u00e3o parece nada animadora: a economia na zona do euro est\u00e1 estagnada. O Produto Interno Bruto (PIB) da regi\u00e3o permaneceu no n\u00edvel do terceiro e quarto trimestres de 2024, informou no fim de janeiro o escrit\u00f3rio de estat\u00edsticas da UE Eurostat. No segundo trimestre, houve um crescimento de 0,4%.\n<\/p>\n<p>Muitos especialistas concordam que a principal raz\u00e3o para isso \u00e9 o persistente mau desempenho econ\u00f4mico da maior economia da Europa. Na Alemanha, o PIB encolheu 0,2% no quarto trimestre, assim como durante todo o ano de 2024. \u201cA Alemanha est\u00e1 ficando cada vez mais para tr\u00e1s\u201d, disse Alexander Kr\u00fcger, economista-chefe do banco privado Hauck Aufh\u00e4user Lampe, \u00e0 ag\u00eancia de not\u00edcias Reuters.\n<\/p>\n<p>A maior economia da zona do euro est\u00e1 enfraquecendo, e os pa\u00edses antes considerados problem\u00e1ticos est\u00e3o decolando. Ser\u00e1 que as na\u00e7\u00f5es do sul poder\u00e3o assumir o papel da locomotivas da Europa no futuro? O diretor do Instituto Austr\u00edaco de Pesquisa Econ\u00f4mica (WIFO), Gabriel Felbermayr, \u00e9 c\u00e9tico: para tal, esses pa\u00edses \u201csimplesmente s\u00e3o pequenos demais economicamente\u201d.\n<\/p>\n<p>Alemanha e Fran\u00e7a \u201cj\u00e1 respondem por mais de 50 por cento do PIB da zona do euro; esse bloco industrialmente forte do norte inclui pa\u00edses como \u00c1ustria, Eslov\u00eania, Eslov\u00e1quia e tamb\u00e9m a Holanda\u201d, de acordo com o economista. Eles n\u00e3o s\u00e3o os \u00fanicos afetados: \u201cPa\u00edses da UE n\u00e3o pertencentes \u00e0 zona do euro, especialmente a Rep\u00fablica Tcheca e, at\u00e9 certo ponto, a Pol\u00f4nia, tamb\u00e9m sofrem com a fraqueza do n\u00facleo industrial da UE.\u201d\n<\/p>\n<h3>Pre\u00e7os elevados da energia<\/h3>\n<p>O que torna os meridionais t\u00e3o fortes, e os demais parecerem t\u00e3o fr\u00e1geis? Para o economista Hans-Werner Sinn, ex-chefe do Instituto Ifo de Munique, isso se deve a raz\u00f5es externas e tamb\u00e9m a decis\u00f5es pol\u00edticas: \u201cNos \u00faltimos anos, a Alemanha sofreu muito com a crise energ\u00e9tica, causada por uma combina\u00e7\u00e3o da guerra [na Ucr\u00e2nia] com a escassez de energia autoinfligida.\u201d\n<\/p>\n<p>Ele lamenta particularmente a pretendida transi\u00e7\u00e3o dos combust\u00edveis f\u00f3sseis para fontes de energia verde. Ao fazer isso, \u201ca UE e a Alemanha perderam o senso de propor\u00e7\u00e3o e equil\u00edbrio\u201d. \u201cDevido a essas interven\u00e7\u00f5es, nosso pa\u00eds tem agora os pre\u00e7os de eletricidade mais altos do mundo.\u201d\n<\/p>\n<p>Segundo Sinn, a ind\u00fastria qu\u00edmica, em particular, sofre com isso. O principal setor da Alemanha, o automobil\u00edstico, tamb\u00e9m est\u00e1 sob forte press\u00e3o: \u201cAs regras de consumo para frotas, definidas pela UE, roubaram a competitividade da ind\u00fastria automotiva.\u201d\n<\/p>\n<h3>Vantagens geogr\u00e1ficas<\/h3>\n<p>Felbermayr v\u00ea a situa\u00e7\u00e3o de forma semelhante. Nos pa\u00edses do sul, o turismo e a agricultura desempenham um papel maior, onde h\u00e1 \u201cuma participa\u00e7\u00e3o industrial significativamente menor no total da cadeia de valor. Os pre\u00e7os mais altos da energia em toda a Europa, as guerras comerciais, os desafios da descarboniza\u00e7\u00e3o: tudo isso simplesmente afeta menos o sul do que o norte.\u201d\n<\/p>\n<p>Al\u00e9m disso, os meridionais t\u00eam uma vantagem que eles pr\u00f3prios conquistaram: desde 2010, suas taxas de infla\u00e7\u00e3o s\u00e3o mais baixas do que as do norte. \u201cIsso impulsionou sua competitividade. As iniciativas de reforma ap\u00f3s a crise de endividamento da zona do euro deram frutos. O mesmo pode ser dito para Gr\u00e9cia, Espanha e Portugal.\u201d\n<\/p>\n<p>N\u00e3o h\u00e1 luz \u00e0 vista no fim do t\u00fanel econ\u00f4mico. Na melhor das hip\u00f3teses, estaria surgindo um movimento ascendente an\u00eamico, comentou o economista-chefe do Commerzbank, J\u00f6rg Kr\u00e4mer, \u00e0 ag\u00eancia de not\u00edcias Reuters: \u201cA profunda crise estrutural do setor, e as amea\u00e7as tarif\u00e1rias de Donald Trump est\u00e3o arrastando tudo para baixo.\u201d O presidente dos EUA tamb\u00e9m amea\u00e7a a Europa com sobretaxas, o que afetaria particularmente a Alemanha, dependente das exporta\u00e7\u00f5es.\n<\/p>\n<h3>Perigo reconhecido, perigo evitado?<\/h3>\n<p>\u201cAt\u00e9 agora, n\u00e3o h\u00e1 sinais de recupera\u00e7\u00e3o\u201d, confirma Sebastian Dullien, diretor do Instituto de Macroeconomia e Pesquisa de Ciclos Econ\u00f4micos (IMK). Ele cita v\u00e1rias raz\u00f5es para a atual crise da economia alem\u00e3, incluindo \u201ca pol\u00edtica industrial agressiva da China, que pressiona as exporta\u00e7\u00f5es\u201d: \u201cAl\u00e9m disso, as taxas de juros do Banco Central Europeu, que ainda est\u00e3o altas, dada a atual situa\u00e7\u00e3o econ\u00f4mica, est\u00e3o desacelerando os investimentos.\u201d\n<\/p>\n<p>Enquanto isso permanece a esperan\u00e7a de essa tomada de consci\u00eancia seja o primeiro passo para uma melhoria. O ministro da Economia alem\u00e3o, Robert Habeck, parece ter chegado a essa conclus\u00e3o. No F\u00f3rum Econ\u00f4mico Mundial, afirmou que \u201cde certa forma, ignoramos o fato de que esta n\u00e3o \u00e9 uma crise de curto prazo, mas uma crise estrutural\u201d.\n<\/p>\n<p>Isso \u00e9 particularmente evidente na ind\u00fastria, que enfrenta dificuldades com os altos pre\u00e7os da eletricidade. O com\u00e9rcio exterior, importante para a Alemanha, enfraquece, e o clima entre os consumidores est\u00e1 se deteriorando. \u201cTemos que reinventar nosso modelo de neg\u00f3cios\u201d, exigiu Habeck.\n<\/p>\n<h3>O que \u00e9 necess\u00e1rio agora<\/h3>\n<p>No entanto, a Comiss\u00e3o Europeia espera uma ligeira recupera\u00e7\u00e3o econ\u00f4mica da zona do euro e um crescimento de 1,3% em 2025. O Banco Central Europeu, que especialistas acreditam estar pr\u00f3ximo de cortar as taxas de juros, provavelmente tomar\u00e1 novas medidas de redu\u00e7\u00e3o ao longo do ano.\n<\/p>\n<p>Gabriel Felbermayr, n\u00e3o considera incomum o atual equil\u00edbrio de poder entre os pa\u00edses setentrionais e meridionais. \u201c\u00c0s vezes, o norte, forte em ind\u00fastria, est\u00e1 na lideran\u00e7a, e outras vezes os pa\u00edses do sul, fortes em servi\u00e7os. N\u00e3o \u00e9 diferente em outras grandes economias, como os EUA.\u201d\n<\/p>\n<p>Para o chefe da WIFO \u00e9 crucial que \u201co norte impulsione as reformas necess\u00e1rias para maior competitividade, mas que o sul n\u00e3o desista\u201d: \u201cTamb\u00e9m \u00e9 importante o mercado interno \u2013 que tamb\u00e9m \u00e9 um ve\u00edculo para equilibrar as regi\u00f5es individuais \u2013 voltar a se fortalecer.\u201d\n<\/p>\n<p>Com informa\u00e7\u00f5es ISTO\u00c9              <\/p>\n<\/div>\n<p><br \/>\n<br \/><a href=\"https:\/\/diariodobrasilnoticias.com.br\/noticia\/-primos-pobres-portugal-e-grecia-agora-sao-amparo-da-zona-do-euro-67a909f1b0181\">Source link <\/a><\/p>","protected":false},"excerpt":{"rendered":"<p>H\u00e1 apenas alguns anos, Portugal, It\u00e1lia, Espanha e especialmente a Gr\u00e9cia eram as crian\u00e7as-problema da Uni\u00e3o Europeia (UE) e da zona do euro. Recentemente, no F\u00f3rum Econ\u00f4mico Mundial em Davos,&hellip;<\/p>","protected":false},"author":1,"featured_media":101025,"comment_status":"closed","ping_status":"open","sticky":false,"template":"","format":"standard","meta":{"content-type":"","footnotes":""},"categories":[16],"tags":[123,2448,5313,1267],"class_list":["post-101024","post","type-post","status-publish","format-standard","has-post-thumbnail","hentry","category-noticias","tag-brasil","tag-diario","tag-noticia","tag-noticias"],"_links":{"self":[{"href":"https:\/\/tvbrazilusa.com\/pt\/wp-json\/wp\/v2\/posts\/101024","targetHints":{"allow":["GET"]}}],"collection":[{"href":"https:\/\/tvbrazilusa.com\/pt\/wp-json\/wp\/v2\/posts"}],"about":[{"href":"https:\/\/tvbrazilusa.com\/pt\/wp-json\/wp\/v2\/types\/post"}],"author":[{"embeddable":true,"href":"https:\/\/tvbrazilusa.com\/pt\/wp-json\/wp\/v2\/users\/1"}],"replies":[{"embeddable":true,"href":"https:\/\/tvbrazilusa.com\/pt\/wp-json\/wp\/v2\/comments?post=101024"}],"version-history":[{"count":1,"href":"https:\/\/tvbrazilusa.com\/pt\/wp-json\/wp\/v2\/posts\/101024\/revisions"}],"predecessor-version":[{"id":101026,"href":"https:\/\/tvbrazilusa.com\/pt\/wp-json\/wp\/v2\/posts\/101024\/revisions\/101026"}],"wp:featuredmedia":[{"embeddable":true,"href":"https:\/\/tvbrazilusa.com\/pt\/wp-json\/wp\/v2\/media\/101025"}],"wp:attachment":[{"href":"https:\/\/tvbrazilusa.com\/pt\/wp-json\/wp\/v2\/media?parent=101024"}],"wp:term":[{"taxonomy":"category","embeddable":true,"href":"https:\/\/tvbrazilusa.com\/pt\/wp-json\/wp\/v2\/categories?post=101024"},{"taxonomy":"post_tag","embeddable":true,"href":"https:\/\/tvbrazilusa.com\/pt\/wp-json\/wp\/v2\/tags?post=101024"}],"curies":[{"name":"wp","href":"https:\/\/api.w.org\/{rel}","templated":true}]}}