{"id":101027,"date":"2025-02-09T22:53:59","date_gmt":"2025-02-09T22:53:59","guid":{"rendered":"https:\/\/tvbrazilusa.com\/2025\/02\/09\/professor-e-demitido-da-universidade-federal-de-ouro-preto-por-suspeita-de-condutas-de-conotacao-sexual-improprias\/"},"modified":"2025-02-09T22:54:00","modified_gmt":"2025-02-09T22:54:00","slug":"professor-e-demitido-da-universidade-federal-de-ouro-preto-por-suspeita-de-condutas-de-conotacao-sexual-improprias","status":"publish","type":"post","link":"https:\/\/tvbrazilusa.com\/pt\/2025\/02\/09\/professor-e-demitido-da-universidade-federal-de-ouro-preto-por-suspeita-de-condutas-de-conotacao-sexual-improprias\/","title":{"rendered":"Professor \u00e9 demitido da Universidade Federal de Ouro Preto por suspeita de &#8216;condutas de conota\u00e7\u00e3o sexual impr\u00f3prias&#8217;"},"content":{"rendered":"<p> <script async src=\"https:\/\/pagead2.googlesyndication.com\/pagead\/js\/adsbygoogle.js?client=ca-pub-8864793242727901\"\r\n     crossorigin=\"anonymous\"><\/script><br \/>\n<\/p>\n<div data-block-type=\"unstyled\" data-block-weight=\"64\" data-block-id=\"2\">\n<p class=\"content-text__container\" data-track-category=\"Link no Texto\" data-track-links=\"\" data-mrf-recirculation=\"Mat\u00e9ria - Links no Texto\"><span class=\"highlight highlighted\">O professor de anatomia da Universidade Federal de\u00a0<\/span><a class=\"\" href=\"https:\/\/g1.globo.com\/mg\/minas-gerais\/cidade\/ouro-preto\/\" data-mrf-link=\"https:\/\/g1.globo.com\/mg\/minas-gerais\/cidade\/ouro-preto\/\"><span class=\"highlight highlighted\">Ouro Preto<\/span><\/a><span class=\"highlight highlighted\">\u00a0<\/span><strong><span class=\"highlight highlighted\">(UFOP)<\/span><\/strong><span class=\"highlight highlighted\">, em Minas Gerais, Gustavo Pereira Benevides, foi demitido<\/span>\u00a0por suspeita de &#8220;praticar condutas de conota\u00e7\u00e3o sexual impr\u00f3prias, no exerc\u00edcio de suas fun\u00e7\u00f5es &#8220;, segundo o boletim administrativo da institui\u00e7\u00e3o, publicado no dia 7 de fevereiro passado. De acordo com o processo, o servidor era investigado desde o m\u00eas de maio de 2024.\n<\/p>\n<\/div>\n<p><br \/>\n<br \/><a href=\"https:\/\/diariodobrasilnoticias.com.br\/noticia\/professor-e-demitido-da-universidade-federal-de-ouro-preto-por-suspeita-de-condutas-de-conotacao-sexual-improprias-67a90bc73a423\">Source link <\/a><\/p>","protected":false},"excerpt":{"rendered":"<p>O professor de anatomia da Universidade Federal de\u00a0Ouro Preto\u00a0(UFOP), em Minas Gerais, Gustavo Pereira Benevides, foi demitido\u00a0por suspeita de &#8220;praticar condutas de conota\u00e7\u00e3o sexual impr\u00f3prias, no exerc\u00edcio de suas fun\u00e7\u00f5es&hellip;<\/p>","protected":false},"author":1,"featured_media":101028,"comment_status":"closed","ping_status":"open","sticky":false,"template":"","format":"standard","meta":{"content-type":"","footnotes":""},"categories":[16],"tags":[123,2448,5313,1267],"class_list":["post-101027","post","type-post","status-publish","format-standard","has-post-thumbnail","hentry","category-noticias","tag-brasil","tag-diario","tag-noticia","tag-noticias"],"_links":{"self":[{"href":"https:\/\/tvbrazilusa.com\/pt\/wp-json\/wp\/v2\/posts\/101027","targetHints":{"allow":["GET"]}}],"collection":[{"href":"https:\/\/tvbrazilusa.com\/pt\/wp-json\/wp\/v2\/posts"}],"about":[{"href":"https:\/\/tvbrazilusa.com\/pt\/wp-json\/wp\/v2\/types\/post"}],"author":[{"embeddable":true,"href":"https:\/\/tvbrazilusa.com\/pt\/wp-json\/wp\/v2\/users\/1"}],"replies":[{"embeddable":true,"href":"https:\/\/tvbrazilusa.com\/pt\/wp-json\/wp\/v2\/comments?post=101027"}],"version-history":[{"count":1,"href":"https:\/\/tvbrazilusa.com\/pt\/wp-json\/wp\/v2\/posts\/101027\/revisions"}],"predecessor-version":[{"id":101029,"href":"https:\/\/tvbrazilusa.com\/pt\/wp-json\/wp\/v2\/posts\/101027\/revisions\/101029"}],"wp:featuredmedia":[{"embeddable":true,"href":"https:\/\/tvbrazilusa.com\/pt\/wp-json\/wp\/v2\/media\/101028"}],"wp:attachment":[{"href":"https:\/\/tvbrazilusa.com\/pt\/wp-json\/wp\/v2\/media?parent=101027"}],"wp:term":[{"taxonomy":"category","embeddable":true,"href":"https:\/\/tvbrazilusa.com\/pt\/wp-json\/wp\/v2\/categories?post=101027"},{"taxonomy":"post_tag","embeddable":true,"href":"https:\/\/tvbrazilusa.com\/pt\/wp-json\/wp\/v2\/tags?post=101027"}],"curies":[{"name":"wp","href":"https:\/\/api.w.org\/{rel}","templated":true}]}}