{"id":101033,"date":"2025-02-09T23:11:40","date_gmt":"2025-02-09T23:11:40","guid":{"rendered":"https:\/\/tvbrazilusa.com\/2025\/02\/09\/mulher-com-pior-dor-do-mundo-reconsidera-eutanasia-apos-nova-doenca\/"},"modified":"2025-02-09T23:11:42","modified_gmt":"2025-02-09T23:11:42","slug":"mulher-com-pior-dor-do-mundo-reconsidera-eutanasia-apos-nova-doenca","status":"publish","type":"post","link":"https:\/\/tvbrazilusa.com\/pt\/2025\/02\/09\/mulher-com-pior-dor-do-mundo-reconsidera-eutanasia-apos-nova-doenca\/","title":{"rendered":"Mulher com \u201cpior dor do mundo\u201d reconsidera eutan\u00e1sia ap\u00f3s nova doen\u00e7a"},"content":{"rendered":"<p> <script async src=\"https:\/\/pagead2.googlesyndication.com\/pagead\/js\/adsbygoogle.js?client=ca-pub-8864793242727901\"\r\n     crossorigin=\"anonymous\"><\/script><br \/>\n<\/p>\n<div>\n<figure class=\"post-image\">\n<\/figure>\n<p>            <span style=\"font-size: 12px\">Foto: REPRODU\u00c7\u00c3O &#8220;Metr\u00f3poles&#8221;<\/span><\/p>\n<p>            <!-- end metas --><br \/>\n            <!-- ADS --><\/p>\n<div id=\"taboola-read-more\" style=\"display:block; width:100%\">\n<p>A brasileira Carolina Arruda, de 27 anos, que sofre com dor cr\u00f4nica por ter neuralgia do trig\u00eameo, uma\u00a0<a href=\"https:\/\/www.metropoles.com\/saude\/pior-dor-do-mundo-tratamento-novo\">condi\u00e7\u00e3o rara considerada \u201ca pior dor do mundo\u201d<\/a>, usou as redes sociais para dizer que\u00a0<a href=\"https:\/\/www.metropoles.com\/brasil\/posso-reconsiderar-diz-jovem-com-pior-dor-do-mundo-sobre-eutanasia\">voltou a considerar a eutan\u00e1sia \u2014 suic\u00eddio assistido<\/a>\u00a0\u2014 ap\u00f3s receber um novo diagn\u00f3stico. Por meio de um v\u00eddeo publicado no TikTok na sexta-feira (7\/2), ela revelou como foi o resultado da \u00faltima consulta com o reumatologista.\n<\/p>\n<p>\u201cFaltavam apenas alguns exames para concluirmos o nosso diagn\u00f3stico e finalmente pegamos o diagn\u00f3stico de espondiloartrite axial\u201d, come\u00e7ou a dizer. A mulher tamb\u00e9m relatou que a doen\u00e7a responde a \u201ctodas as dores no corpo nas articula\u00e7\u00f5es que sente e as limita\u00e7\u00f5es dos movimentos\u201d.<\/p>\n<h3>Convivendo com a dor<\/h3>\n<ul>\n<li>Carolina come\u00e7ou a sentir os primeiros sintomas da neuralgia dos trig\u00eameo, considerada a \u201cpior dor do mundo\u201d, quando tinha apenas 16 anos.<\/li>\n<li>Em uma escala com o m\u00e1ximo sendo 10, ela afirma que todos os dias sente ao menos uma dor de n\u00edvel 6.<\/li>\n<li>Em agosto de 2024, ela passou por uma cirurgia na face para tentar controlar as dores que sente.<\/li>\n<li>O novo diagn\u00f3stico tamb\u00e9m envolve dor. A espondiloartrite axial \u00e9 uma doen\u00e7a reum\u00e1tica inflamat\u00f3ria cr\u00f4nica que afeta a coluna vertebral, o t\u00f3rax e a p\u00e9lvis.<\/li>\n<li>Segundo Carolina, ela procurava uma resposta para esse diagn\u00f3stico h\u00e1 anos. \u201cPorque eu fui perdendo o movimento ao longo dos anos. Agora finalmente eu posso come\u00e7ar o tratamento com imunobiol\u00f3gico\u201d.<\/li>\n<\/ul>\n<hr\/>\n<h4>Eutan\u00e1sia<\/h4>\n<p>Em outro v\u00eddeo publicado no domingo (2\/2), Carolina disse que estava reconsiderando a op\u00e7\u00e3o de eutan\u00e1sia. \u201cAt\u00e9 ent\u00e3o eu tinha deixado essa ideia em \u2018stand by\u2019 [\u2026] mas mesmo depois de seis cirurgias, in\u00fameros tratamentos alternativos, medicamentos e diversas outras terapias que j\u00e1 tentei, a dor continua e t\u00e1 voltando cada vez mais forte.\u201d\n<\/p>\n<p>\u201cEssa \u00faltima semana eu passei os piores dias da minha vida e desde ent\u00e3o eu passei a reconsiderar a ideia da eutan\u00e1sia. Parte dos meus documentos j\u00e1 est\u00e3o separados, eu estou atr\u00e1s de um advogado que possa me ajudar a obter esse passaporte e a legaliza\u00e7\u00e3o dos pap\u00e9is que possam ser aprovados l\u00e1 na Su\u00ed\u00e7a e aqui no Brasil. O problema \u00e9 que esse processo \u00e9 extremamente burocr\u00e1tico e leva muitos anos, podendo chegar a cinco ou mais anos\u201d, desabafou.\n<\/p>\n<p>Com informa\u00e7\u00f5es metr\u00f3poles              <\/p>\n<\/div>\n<p>                        <!-- Scripts para conteudo --><\/p>\n<p>            <!-- .\/Scripts para conteudo --><br \/>\n            <!-- .\/Mat\u00e9ria --><\/p>\n<div class=\"row mt-3\">\n<div class=\"col-sm-6\">\n                <!-- Whatsapp channel 3--><br \/>\n                <a href=\"https:\/\/chat.whatsapp.com\/B8Qy6Erx4kb6yTzj3kaDco\" target=\"_blank\"><br \/>\n                  <img decoding=\"async\" src=\"https:\/\/diariodobrasilnoticias.com.br\/assets-site\/images\/bot_whatsapp.png\"\/><\/a>\n              <\/div>\n<div class=\"col-sm-6\">\n                <a href=\"https:\/\/t.me\/+_4gTmi5LKo03OTM5\" target=\"_blank\"><br \/>\n                  <img decoding=\"async\" src=\"https:\/\/diariodobrasilnoticias.com.br\/assets-site\/images\/bot_telegram.png\"\/><\/a>\n              <\/div>\n<\/p><\/div>\n<p>            <!-- end post-navigation --><\/p>\n<p>              <!-- end row --><\/p>\n<p>              <!-- end col-12-->\n                      <\/div>\n<p><br \/>\n<br \/><a href=\"https:\/\/diariodobrasilnoticias.com.br\/noticia\/mulher-com-pior-dor-do-mundo-reconsidera-eutanasia-apos-nova-doenca-67a9149a6ce1c\">Source link <\/a><\/p>","protected":false},"excerpt":{"rendered":"<p>Foto: REPRODU\u00c7\u00c3O &#8220;Metr\u00f3poles&#8221; A brasileira Carolina Arruda, de 27 anos, que sofre com dor cr\u00f4nica por ter neuralgia do trig\u00eameo, uma\u00a0condi\u00e7\u00e3o rara considerada \u201ca pior dor do mundo\u201d, usou as&hellip;<\/p>","protected":false},"author":1,"featured_media":101034,"comment_status":"closed","ping_status":"open","sticky":false,"template":"","format":"standard","meta":{"content-type":"","footnotes":""},"categories":[16],"tags":[123,2448,5313,1267],"class_list":["post-101033","post","type-post","status-publish","format-standard","has-post-thumbnail","hentry","category-noticias","tag-brasil","tag-diario","tag-noticia","tag-noticias"],"_links":{"self":[{"href":"https:\/\/tvbrazilusa.com\/pt\/wp-json\/wp\/v2\/posts\/101033","targetHints":{"allow":["GET"]}}],"collection":[{"href":"https:\/\/tvbrazilusa.com\/pt\/wp-json\/wp\/v2\/posts"}],"about":[{"href":"https:\/\/tvbrazilusa.com\/pt\/wp-json\/wp\/v2\/types\/post"}],"author":[{"embeddable":true,"href":"https:\/\/tvbrazilusa.com\/pt\/wp-json\/wp\/v2\/users\/1"}],"replies":[{"embeddable":true,"href":"https:\/\/tvbrazilusa.com\/pt\/wp-json\/wp\/v2\/comments?post=101033"}],"version-history":[{"count":1,"href":"https:\/\/tvbrazilusa.com\/pt\/wp-json\/wp\/v2\/posts\/101033\/revisions"}],"predecessor-version":[{"id":101035,"href":"https:\/\/tvbrazilusa.com\/pt\/wp-json\/wp\/v2\/posts\/101033\/revisions\/101035"}],"wp:featuredmedia":[{"embeddable":true,"href":"https:\/\/tvbrazilusa.com\/pt\/wp-json\/wp\/v2\/media\/101034"}],"wp:attachment":[{"href":"https:\/\/tvbrazilusa.com\/pt\/wp-json\/wp\/v2\/media?parent=101033"}],"wp:term":[{"taxonomy":"category","embeddable":true,"href":"https:\/\/tvbrazilusa.com\/pt\/wp-json\/wp\/v2\/categories?post=101033"},{"taxonomy":"post_tag","embeddable":true,"href":"https:\/\/tvbrazilusa.com\/pt\/wp-json\/wp\/v2\/tags?post=101033"}],"curies":[{"name":"wp","href":"https:\/\/api.w.org\/{rel}","templated":true}]}}