{"id":101036,"date":"2025-02-09T23:24:29","date_gmt":"2025-02-09T23:24:29","guid":{"rendered":"https:\/\/tvbrazilusa.com\/2025\/02\/09\/furtos-de-cabos-crescem-55-em-2024-no-rio-grande-do-norte\/"},"modified":"2025-02-09T23:24:31","modified_gmt":"2025-02-09T23:24:31","slug":"furtos-de-cabos-crescem-55-em-2024-no-rio-grande-do-norte","status":"publish","type":"post","link":"https:\/\/tvbrazilusa.com\/pt\/2025\/02\/09\/furtos-de-cabos-crescem-55-em-2024-no-rio-grande-do-norte\/","title":{"rendered":"Furtos de cabos crescem 55% em 2024 no Rio Grande do Norte"},"content":{"rendered":"<p> <script async src=\"https:\/\/pagead2.googlesyndication.com\/pagead\/js\/adsbygoogle.js?client=ca-pub-8864793242727901\"\r\n     crossorigin=\"anonymous\"><\/script><br \/>\n<\/p>\n<div id=\"taboola-read-more\" style=\"display:block; width:100%\">\n<p>O furto e o roubo de cabos e fios no Rio Grande do Norte apresentaram um aumento expressivo em 2024, segundo dados da Neoenergia Cosern. Ao todo, foram 49 toneladas de cabos furtados da rede baixa, m\u00e9dia e de alta tens\u00e3o, apresentando um aumento de 55% em rela\u00e7\u00e3o ao ano de 2023, quando cerca de 31,61 toneladas foram furtadas no Estado.<\/p>\n<p>Em cinco anos, foram pelo menos 154 pessoas conduzidas a delegacias no RN por furto de fia\u00e7\u00f5es em postes e edifica\u00e7\u00f5es. Os dados apontam uma problem\u00e1tica que tem preocupado interlocutores do setor de energia e telecomunica\u00e7\u00f5es, bem como da Pol\u00edcia Civil, que tem intensificado investiga\u00e7\u00f5es para coibir a pr\u00e1tica e prender criminosos e receptadores. Nesta semana, uma a\u00e7\u00e3o entre Prefeitura do Natal, Pol\u00edcia Militar e Civil apreendeu 500kg de cabos furtados e cinco estabelecimentos foram flagrados com material furtado da rede p\u00fablica.\n<\/p>\n<p>Segundo dados da Secretaria de Estado da Seguran\u00e7a P\u00fablica e Defesa Social (Sesed), os registros de roubos e furtos de fios no RN apresentaram um crescimento exponencial no Estado nos \u00faltimos cinco anos. De 75 ocorr\u00eancias de furtos de cabos el\u00e9tricos registradas em 2020, o n\u00famero saltou para 828 em 2024, varia\u00e7\u00e3o de 985%. J\u00e1 com rela\u00e7\u00e3o a fios el\u00e9tricos, crescimento de 553% no per\u00edodo. Vale salientar que h\u00e1 uma leve queda comparando 2024 com 2023, de 18,2% e 17,1%, respectivamente.\n<\/p>\n<p><a href=\"https:\/\/tribunadonorte.com.br\/rio-grande-do-norte\/furtos-de-cabos-crescem-55-em-2024-no-rio-grande-do-norte\/\">Tribuna do Norte<\/a>              <\/p>\n<\/div>\n<p><br \/>\n<br \/><a href=\"https:\/\/diariodobrasilnoticias.com.br\/noticia\/furtos-de-cabos-crescem-55-em-2024-no-rio-grande-do-norte-67a921767299a\">Source link <\/a><\/p>","protected":false},"excerpt":{"rendered":"<p>O furto e o roubo de cabos e fios no Rio Grande do Norte apresentaram um aumento expressivo em 2024, segundo dados da Neoenergia Cosern. Ao todo, foram 49 toneladas&hellip;<\/p>","protected":false},"author":1,"featured_media":101037,"comment_status":"closed","ping_status":"open","sticky":false,"template":"","format":"standard","meta":{"content-type":"","footnotes":""},"categories":[16],"tags":[123,2448,5313,1267],"class_list":["post-101036","post","type-post","status-publish","format-standard","has-post-thumbnail","hentry","category-noticias","tag-brasil","tag-diario","tag-noticia","tag-noticias"],"_links":{"self":[{"href":"https:\/\/tvbrazilusa.com\/pt\/wp-json\/wp\/v2\/posts\/101036","targetHints":{"allow":["GET"]}}],"collection":[{"href":"https:\/\/tvbrazilusa.com\/pt\/wp-json\/wp\/v2\/posts"}],"about":[{"href":"https:\/\/tvbrazilusa.com\/pt\/wp-json\/wp\/v2\/types\/post"}],"author":[{"embeddable":true,"href":"https:\/\/tvbrazilusa.com\/pt\/wp-json\/wp\/v2\/users\/1"}],"replies":[{"embeddable":true,"href":"https:\/\/tvbrazilusa.com\/pt\/wp-json\/wp\/v2\/comments?post=101036"}],"version-history":[{"count":1,"href":"https:\/\/tvbrazilusa.com\/pt\/wp-json\/wp\/v2\/posts\/101036\/revisions"}],"predecessor-version":[{"id":101038,"href":"https:\/\/tvbrazilusa.com\/pt\/wp-json\/wp\/v2\/posts\/101036\/revisions\/101038"}],"wp:featuredmedia":[{"embeddable":true,"href":"https:\/\/tvbrazilusa.com\/pt\/wp-json\/wp\/v2\/media\/101037"}],"wp:attachment":[{"href":"https:\/\/tvbrazilusa.com\/pt\/wp-json\/wp\/v2\/media?parent=101036"}],"wp:term":[{"taxonomy":"category","embeddable":true,"href":"https:\/\/tvbrazilusa.com\/pt\/wp-json\/wp\/v2\/categories?post=101036"},{"taxonomy":"post_tag","embeddable":true,"href":"https:\/\/tvbrazilusa.com\/pt\/wp-json\/wp\/v2\/tags?post=101036"}],"curies":[{"name":"wp","href":"https:\/\/api.w.org\/{rel}","templated":true}]}}