{"id":101066,"date":"2025-02-10T00:58:42","date_gmt":"2025-02-10T00:58:42","guid":{"rendered":"https:\/\/tvbrazilusa.com\/2025\/02\/10\/nikolas-ferreira-anuncia-que-esta-esperando-segundo-filho-com-livia-orletti\/"},"modified":"2025-02-10T00:58:44","modified_gmt":"2025-02-10T00:58:44","slug":"nikolas-ferreira-anuncia-que-esta-esperando-segundo-filho-com-livia-orletti","status":"publish","type":"post","link":"https:\/\/tvbrazilusa.com\/pt\/2025\/02\/10\/nikolas-ferreira-anuncia-que-esta-esperando-segundo-filho-com-livia-orletti\/","title":{"rendered":"Nikolas Ferreira anuncia que est\u00e1 esperando segundo filho com L\u00edvia Orletti"},"content":{"rendered":"<p> <script async src=\"https:\/\/pagead2.googlesyndication.com\/pagead\/js\/adsbygoogle.js?client=ca-pub-8864793242727901\"\r\n     crossorigin=\"anonymous\"><\/script><br \/>\n<\/p>\n<div id=\"taboola-read-more\" style=\"display:block; width:100%\">\n<p>O deputado federal <a href=\"https:\/\/portalleodias.com\/famosos\/leo-dias-e-nikolas-relembram-suposta-invertida-do-politico-ao-jornalista-em-podcast\">Nikolas Ferreira<\/a> (PL-MG) anunciou que est\u00e1 esperando seu segundo filho, fruto da rela\u00e7\u00e3o com a esposa, L\u00edvia Orletti. Em um v\u00eddeo fofo nas redes sociais, postado na tarde deste domingo (9\/2), quem contou da gravidez para o pol\u00edtico foi sua primeira filha, Aurora, de quase um ano de idade.<\/p>\n<p>\u201cSomos\u2026 4\u201d, escreveu <a href=\"https:\/\/portalleodias.com\/vida-e-estilo\/de-atacante-para-tecnico-nikolas-ferreira-avalia-seu-mandato-de-2024\">Nikolas<\/a> na legenda da publica\u00e7\u00e3o. A filha mais velha, Aurora, nasceu em mar\u00e7o de 2024.<\/p>\n<p>Com informa\u00e7\u00f5es L\u00e9o dias\u00a0<em\/>\n<\/p>\n<p>\u00a0<\/p>\n<\/p><\/div>\n<p><br \/>\n<br \/><a href=\"https:\/\/diariodobrasilnoticias.com.br\/noticia\/nikolas-ferreira-anuncia-que-esta-esperando-segundo-filho-com-livia-orletti-67a93c7776e9c\">Source link <\/a><\/p>","protected":false},"excerpt":{"rendered":"<p>O deputado federal Nikolas Ferreira (PL-MG) anunciou que est\u00e1 esperando seu segundo filho, fruto da rela\u00e7\u00e3o com a esposa, L\u00edvia Orletti. Em um v\u00eddeo fofo nas redes sociais, postado na&hellip;<\/p>","protected":false},"author":1,"featured_media":101067,"comment_status":"closed","ping_status":"open","sticky":false,"template":"","format":"standard","meta":{"content-type":"","footnotes":""},"categories":[16],"tags":[123,2448,5313,1267],"class_list":["post-101066","post","type-post","status-publish","format-standard","has-post-thumbnail","hentry","category-noticias","tag-brasil","tag-diario","tag-noticia","tag-noticias"],"_links":{"self":[{"href":"https:\/\/tvbrazilusa.com\/pt\/wp-json\/wp\/v2\/posts\/101066","targetHints":{"allow":["GET"]}}],"collection":[{"href":"https:\/\/tvbrazilusa.com\/pt\/wp-json\/wp\/v2\/posts"}],"about":[{"href":"https:\/\/tvbrazilusa.com\/pt\/wp-json\/wp\/v2\/types\/post"}],"author":[{"embeddable":true,"href":"https:\/\/tvbrazilusa.com\/pt\/wp-json\/wp\/v2\/users\/1"}],"replies":[{"embeddable":true,"href":"https:\/\/tvbrazilusa.com\/pt\/wp-json\/wp\/v2\/comments?post=101066"}],"version-history":[{"count":1,"href":"https:\/\/tvbrazilusa.com\/pt\/wp-json\/wp\/v2\/posts\/101066\/revisions"}],"predecessor-version":[{"id":101068,"href":"https:\/\/tvbrazilusa.com\/pt\/wp-json\/wp\/v2\/posts\/101066\/revisions\/101068"}],"wp:featuredmedia":[{"embeddable":true,"href":"https:\/\/tvbrazilusa.com\/pt\/wp-json\/wp\/v2\/media\/101067"}],"wp:attachment":[{"href":"https:\/\/tvbrazilusa.com\/pt\/wp-json\/wp\/v2\/media?parent=101066"}],"wp:term":[{"taxonomy":"category","embeddable":true,"href":"https:\/\/tvbrazilusa.com\/pt\/wp-json\/wp\/v2\/categories?post=101066"},{"taxonomy":"post_tag","embeddable":true,"href":"https:\/\/tvbrazilusa.com\/pt\/wp-json\/wp\/v2\/tags?post=101066"}],"curies":[{"name":"wp","href":"https:\/\/api.w.org\/{rel}","templated":true}]}}