{"id":101072,"date":"2025-02-10T00:51:39","date_gmt":"2025-02-10T00:51:39","guid":{"rendered":"https:\/\/tvbrazilusa.com\/2025\/02\/10\/comerciais-do-super-bowl-snoop-dogg-que-amava-trump-assado-para-anuncio-anti-odio-com-tom-brady\/"},"modified":"2025-02-10T01:21:49","modified_gmt":"2025-02-10T01:21:49","slug":"comerciais-do-super-bowl-snoop-dogg-que-amava-trump-assado-para-anuncio-anti-odio-com-tom-brady","status":"publish","type":"post","link":"https:\/\/tvbrazilusa.com\/pt\/2025\/02\/10\/comerciais-do-super-bowl-snoop-dogg-que-amava-trump-assado-para-anuncio-anti-odio-com-tom-brady\/","title":{"rendered":"Comerciais do Super Bowl: Snoop Dogg que amava Trump assado para an\u00fancio anti-\u00f3dio com Tom Brady"},"content":{"rendered":"<script async src=\"https:\/\/pagead2.googlesyndication.com\/pagead\/js\/adsbygoogle.js?client=ca-pub-8864793242727901\"\r\n     crossorigin=\"anonymous\"><\/script>\n<div>\n<p class=\"article__paragraph article__paragraph--left\" id=\"TXUPO7OBY5AMXJEWBF33G67KUY\">Rapper <a href=\"https:\/\/en.wikipedia.org\/wiki\/Snoop_Dogg\" target=\"_blank\">Snoop Dogg<\/a> Apareceu em um an\u00fancio de servi\u00e7o p\u00fablico anti-\u00f3dio com o ex-quarterback da NFL e sete vezes campe\u00e3o do Super Bowl <a href=\"https:\/\/www.nj.com\/eagles\/2025\/02\/tom-brady-rips-refs-for-call-against-eagles-early-in-super-bowl-2025.html\" target=\"_blank\">Tom Brady<\/a> durante o segundo trimestre do Super Bowl no domingo.<\/p>\n<p class=\"article__paragraph article__paragraph--left\" id=\"7JS3PZOH5RBFZOCICGJURB2X6Y\">No an\u00fancio, Snoop Dogg e Brady <a href=\"https:\/\/www.providencejournal.com\/story\/entertainment\/2025\/02\/09\/whats-the-story-behind-tom-brady-and-snoop-dogg-super-bowl-ad\/78337105007\/\" target=\"_blank\">ficar cara a cara e dizer o que eles odeiam um no outro<\/a>.<\/p>\n<p class=\"article__paragraph article__paragraph--left\" id=\"ROPYVY4OSFD6TL2GI3FH3O3EIM\"><b>Snoop Dogg:<\/b> &#8220;Eu te odeio porque parecemos diferentes.&#8221;<\/p>\n<p class=\"article__paragraph article__paragraph--left\" id=\"L3MTYZ44O5EKJGI2IOKTMXQRME\"><b>Brady:<\/b> &#8220;Eu te odeio porque voc\u00ea ora diferente.&#8221;<\/p>\n<p class=\"article__paragraph article__paragraph--left\" id=\"3ZAYVAS57NHZ7OVJP2D5N3OH6Y\"><b>Snoop Dogg:<\/b> &#8220;Porque voc\u00ea fala diferente.&#8221;<\/p>\n<p class=\"article__paragraph article__paragraph--left\" id=\"ZPVHS4YUEVDIHIM6YY3YZDVAHU\"><b>Brady:<\/b> &#8220;Porque voc\u00ea age diferente.&#8221;<\/p>\n<p class=\"article__paragraph article__paragraph--left\" id=\"KCRBPZGYEFG5ZDNGEMSL7SINQU\"><b>Snoop Dogg: <\/b>&#8220;Porque voc\u00ea \u00e9 apenas diferente.&#8221;<\/p>\n<p class=\"article__paragraph article__paragraph--left\" id=\"PKK7AJ2TZJFZXG7WVK3V22RNSA\">O an\u00fancio corta para uma tela que diz: &#8220;Ent\u00e3o as raz\u00f5es para o \u00f3dio s\u00e3o t\u00e3o est\u00fapidas quanto parecem&#8221;.<\/p>\n<p class=\"article__paragraph article__paragraph--left\" id=\"DWMFLTVV7NE2XK5463M3WRMDDY\">Quando os dois retornam, Snoop Dogg diz: &#8220;Cara, eu odeio que as coisas sejam t\u00e3o ruins que tivemos que fazer um comercial sobre isso&#8221;.<\/p>\n<p class=\"article__paragraph article__paragraph--left\" id=\"NIR73YGGEVFDPPI5JEIC3QM4RE\">A tela final diz: &#8220;Stand Up to Hate&#8221;.<\/p>\n<p class=\"article__paragraph article__paragraph--left\" id=\"Y753YMDKPRCW7OINDBD3B43RWE\">A rea\u00e7\u00e3o variou nas m\u00eddias sociais, mas Snoop Dogg, <a href=\"https:\/\/economictimes.indiatimes.com\/news\/international\/us\/snoop-dogg-faces-backlash-over-his-decision-to-perform-at-donald-trumps-inauguration\/articleshow\/118035508.cms?from=mdr\" target=\"_blank\">que enfrentou uma rea\u00e7\u00e3o por aparecer na inaugura\u00e7\u00e3o de Donald Trump<\/a>foi criticado por muitos no domingo como hip\u00f3crita &#8211; porque, ao apoiar Trump, ele ap\u00f3ia, por associa\u00e7\u00e3o, o presidente e a campanha de Maga contra imigrantes, a comunidade LGBTQ, pessoas negras e marrons e muito mais, disseram comentaristas.<\/p>\n<p class=\"article__paragraph article__paragraph--left\" id=\"2PIXB65QYFFUFPZQGX6WHOLD6U\">\u201cN\u00e3o tenho certeza se Snoop Dogg Fresh Off se apresentar na inaugura\u00e7\u00e3o de Trump \u00e9 o melhor porta -voz do Stand Up to Hate [to be honest]\u201dJornalista Liberal <a href=\"https:\/\/x.com\/atrupar\/status\/1888746602715570431\" target=\"_blank\">Aaron Rupar twittou.<\/a><\/p>\n<p class=\"article__paragraph article__paragraph--left\" id=\"XJOPKZZJB5AL3D5TYF3XIHOPHI\"><a href=\"https:\/\/x.com\/search?q=snoop%20dogg&#038;src=typed_query\" target=\"_blank\">Mais coment\u00e1rios:<\/a><\/p>\n<p class=\"article__paragraph article__paragraph--left\" id=\"KBOAGTTVKJFSJGUFIKUND6ATOM\">&#8220;A aud\u00e1cia de Snoop Dogg fazendo um an\u00fancio anti -\u00f3dio depois de quem ele acabou de se apresentar?&#8221;<\/p>\n<p class=\"article__paragraph article__paragraph--left\" id=\"N7DOSFBT2ZCSJLW4GPCQK446BA\">\u201cSnoop Dogg fazendo um comercial do Super Bowl contra o \u00f3dio enquanto se apresenta em um evento Trump &#8230; hmm\u201d<\/p>\n<p class=\"article__paragraph article__paragraph--left\" id=\"5E2E7WRW2VEXVCF5NIJEY3FMJY\">\u201cEu odeio Snoop Dogg porque ele est\u00e1 esgotado. Olhe para ele fazendo comerciais anti-\u00f3dio para tentar restaurar sua imagem depois de apoiar um racista e fan\u00e1tico. Tarde demais, Se-Double-L Out. \u201d<\/p>\n<p class=\"article__paragraph article__paragraph--left\" id=\"XEEHOTZ7MRAI7BNWXD2WWUFNBU\">&#8220;Snoop Dogg perdeu o direito de se separar de um \u00f3dio comercial denunciando quando levou dinheiro para se apresentar para Trump&#8221;.<\/p>\n<p class=\"article__paragraph article__paragraph--left\" id=\"F4JXJNZTTFDXHIHKCHIJGDZICA\">\u201cSnoop Dogg estrelando um comercial sobre o \u00f3dio algumas semanas ap\u00f3s o desempenho na inaugura\u00e7\u00e3o \u00e9 &#8230; rico\u201d<\/p>\n<p class=\"article__paragraph article__paragraph--left\" id=\"ML5YZ4YRZVCNFGXFLZPJX3RP3I\">&#8220;N\u00e3o sei se j\u00e1 houve uma queda maior para mim do que Snoop Dogg.&#8221;<\/p>\n<p class=\"article__paragraph article__paragraph--left\" id=\"WHHY2KKHENCANFJTA2ZJ3PBYAU\">Com Trump participando <a href=\"https:\/\/www.nj.com\/eagles\/2025\/02\/super-bowl-2025-ticket-prices-continue-to-plummet-how-to-get-cheapest-last-minute-seats-for-eagles-vs-chiefs-before-they-sell-out.html\">LIX do Super Bowl de domingo<\/a>a NFL tomou uma decis\u00e3o que se alinhou com a abordagem do presidente de eliminar Dei em todo o governo.<\/p>\n<p class=\"article__paragraph article__paragraph--left\" id=\"XHQRJZLHMNHKBJXHZKLYJE72YA\">Na Caesars Superdome, foram as mensagens &#8220;racismo final&#8221; que foram criadas para os posts do Super Bowl desde 2021. Em vez disso, a NFL mudou para &#8220;escolher o amor&#8221;. <\/p>\n<p class=\"article__paragraph article__paragraph--left\" id=\"ZDUJTIIQ35HVZE4O3SOVQ4YXIM\">Coincid\u00eancia ou n\u00e3o?<\/p>\n<p class=\"article__paragraph article__paragraph--left\" id=\"U6R3ZZ6D35BCXKOOPNF7W3YCJE\">O filho da lenda da NFL Reggie White n\u00e3o achou assim.<\/p>\n<p class=\"article__paragraph article__paragraph--left\" id=\"KLGPZVGFGZG5LK6WUCQKKWYQDM\">\u201cA NFL optando por tirar o\u201c racismo final \u201d(de) sua zona final para o Superbowl \u00e9 um movimento covarde\u201d. <a href=\"https:\/\/www.threads.net\/@thatsmrwhite\/post\/DFtwm8RJMcP\">Jeremy Reginald escreveu em threads<\/a>. \u201cEspecialmente \u00e0 luz do fato de que esta \u00e9 a segunda vez que dois QBs pretos se enfrentar\u00e3o no SB. O primeiro? (Patrick) Mahomes e (Jalen) d\u00f3i. \u201d<\/p>\n<section class=\"Stories-By-Section-Tag-module_wrapper__69Ed7 Stories-By-Section-Tag-module_nj__RFbQx\"\/>\n<p class=\"article__paragraph article__paragraph--left\" id=\"GUPT5LRRBFFZVLYT6JKZKSSZYA\"><i>Obrigado por confiar em n\u00f3s para fornecer o jornalismo em que voc\u00ea pode confiar. Por favor, considere nos apoiar com uma assinatura.<\/i><\/p>\n<\/div>\n<p><br \/>\n<br \/><a href=\"https:\/\/www.nj.com\/eagles\/2025\/02\/super-bowl-commercials-trump-loving-snoop-dogg-roasted-for-anti-hate-ad-with-tom-brady.html\">Source link <\/a><\/p>","protected":false},"excerpt":{"rendered":"<p>Rapper Snoop Dogg Apareceu em um an\u00fancio de servi\u00e7o p\u00fablico anti-\u00f3dio com o ex-quarterback da NFL e sete vezes campe\u00e3o do Super Bowl Tom Brady durante o segundo trimestre do&hellip;<\/p>","protected":false},"author":1,"featured_media":101073,"comment_status":"closed","ping_status":"open","sticky":false,"template":"","format":"standard","meta":{"content-type":"","footnotes":""},"categories":[1],"tags":[32900],"class_list":["post-101072","post","type-post","status-publish","format-standard","has-post-thumbnail","hentry","category-uncategorized","tag-nflraw2021"],"_links":{"self":[{"href":"https:\/\/tvbrazilusa.com\/pt\/wp-json\/wp\/v2\/posts\/101072","targetHints":{"allow":["GET"]}}],"collection":[{"href":"https:\/\/tvbrazilusa.com\/pt\/wp-json\/wp\/v2\/posts"}],"about":[{"href":"https:\/\/tvbrazilusa.com\/pt\/wp-json\/wp\/v2\/types\/post"}],"author":[{"embeddable":true,"href":"https:\/\/tvbrazilusa.com\/pt\/wp-json\/wp\/v2\/users\/1"}],"replies":[{"embeddable":true,"href":"https:\/\/tvbrazilusa.com\/pt\/wp-json\/wp\/v2\/comments?post=101072"}],"version-history":[{"count":1,"href":"https:\/\/tvbrazilusa.com\/pt\/wp-json\/wp\/v2\/posts\/101072\/revisions"}],"predecessor-version":[{"id":101074,"href":"https:\/\/tvbrazilusa.com\/pt\/wp-json\/wp\/v2\/posts\/101072\/revisions\/101074"}],"wp:featuredmedia":[{"embeddable":true,"href":"https:\/\/tvbrazilusa.com\/pt\/wp-json\/wp\/v2\/media\/101073"}],"wp:attachment":[{"href":"https:\/\/tvbrazilusa.com\/pt\/wp-json\/wp\/v2\/media?parent=101072"}],"wp:term":[{"taxonomy":"category","embeddable":true,"href":"https:\/\/tvbrazilusa.com\/pt\/wp-json\/wp\/v2\/categories?post=101072"},{"taxonomy":"post_tag","embeddable":true,"href":"https:\/\/tvbrazilusa.com\/pt\/wp-json\/wp\/v2\/tags?post=101072"}],"curies":[{"name":"wp","href":"https:\/\/api.w.org\/{rel}","templated":true}]}}