{"id":101084,"date":"2025-02-10T01:49:25","date_gmt":"2025-02-10T01:49:25","guid":{"rendered":"https:\/\/tvbrazilusa.com\/2025\/02\/10\/lesoes-relatadas-em-crash-na-i-84-perto-de-tolland\/"},"modified":"2025-02-10T02:02:28","modified_gmt":"2025-02-10T02:02:28","slug":"lesoes-relatadas-em-crash-na-i-84-perto-de-tolland","status":"publish","type":"post","link":"https:\/\/tvbrazilusa.com\/pt\/2025\/02\/10\/lesoes-relatadas-em-crash-na-i-84-perto-de-tolland\/","title":{"rendered":"Les\u00f5es relatadas em Crash na I-84 perto de Tolland"},"content":{"rendered":"<script async src=\"https:\/\/pagead2.googlesyndication.com\/pagead\/js\/adsbygoogle.js?client=ca-pub-8864793242727901\"\r\n     crossorigin=\"anonymous\"><\/script>\n<p>TOLLAND, Connecticut (WTNH) &#8211; O Corpo de Bombeiros da Tolland respondeu a um acidente com ferimentos relatados no s\u00e1bado \u00e0 noite. <\/p>\n<p>O acidente ocorreu logo ap\u00f3s as 20:00 na I-84 West, antes do viaduto da Mountain Spring. <\/p>\n<p>Apenas um ve\u00edculo estava envolvido no acidente. O TFD relata que as les\u00f5es n\u00e3o eram fatais. <\/p>\n<p><br \/>\n<br \/><a href=\"https:\/\/www.wtnh.com\/news\/connecticut\/tolland\/injuries-reported-in-crash-on-i-84-near-tolland\/\">Source link <\/a><\/p>","protected":false},"excerpt":{"rendered":"<p>TOLLAND, Connecticut (WTNH) &#8211; O Corpo de Bombeiros da Tolland respondeu a um acidente com ferimentos relatados no s\u00e1bado \u00e0 noite. O acidente ocorreu logo ap\u00f3s as 20:00 na I-84&hellip;<\/p>","protected":false},"author":1,"featured_media":101085,"comment_status":"closed","ping_status":"open","sticky":false,"template":"","format":"standard","meta":{"content-type":"","footnotes":""},"categories":[1],"tags":[],"class_list":["post-101084","post","type-post","status-publish","format-standard","has-post-thumbnail","hentry","category-uncategorized"],"_links":{"self":[{"href":"https:\/\/tvbrazilusa.com\/pt\/wp-json\/wp\/v2\/posts\/101084","targetHints":{"allow":["GET"]}}],"collection":[{"href":"https:\/\/tvbrazilusa.com\/pt\/wp-json\/wp\/v2\/posts"}],"about":[{"href":"https:\/\/tvbrazilusa.com\/pt\/wp-json\/wp\/v2\/types\/post"}],"author":[{"embeddable":true,"href":"https:\/\/tvbrazilusa.com\/pt\/wp-json\/wp\/v2\/users\/1"}],"replies":[{"embeddable":true,"href":"https:\/\/tvbrazilusa.com\/pt\/wp-json\/wp\/v2\/comments?post=101084"}],"version-history":[{"count":1,"href":"https:\/\/tvbrazilusa.com\/pt\/wp-json\/wp\/v2\/posts\/101084\/revisions"}],"predecessor-version":[{"id":101086,"href":"https:\/\/tvbrazilusa.com\/pt\/wp-json\/wp\/v2\/posts\/101084\/revisions\/101086"}],"wp:featuredmedia":[{"embeddable":true,"href":"https:\/\/tvbrazilusa.com\/pt\/wp-json\/wp\/v2\/media\/101085"}],"wp:attachment":[{"href":"https:\/\/tvbrazilusa.com\/pt\/wp-json\/wp\/v2\/media?parent=101084"}],"wp:term":[{"taxonomy":"category","embeddable":true,"href":"https:\/\/tvbrazilusa.com\/pt\/wp-json\/wp\/v2\/categories?post=101084"},{"taxonomy":"post_tag","embeddable":true,"href":"https:\/\/tvbrazilusa.com\/pt\/wp-json\/wp\/v2\/tags?post=101084"}],"curies":[{"name":"wp","href":"https:\/\/api.w.org\/{rel}","templated":true}]}}