{"id":101087,"date":"2025-02-10T02:08:32","date_gmt":"2025-02-10T02:08:32","guid":{"rendered":"https:\/\/tvbrazilusa.com\/2025\/02\/10\/mudanca-de-comportamento-de-lula-chama-atencao-de-auxiliares-no-planalto\/"},"modified":"2025-02-10T02:08:33","modified_gmt":"2025-02-10T02:08:33","slug":"mudanca-de-comportamento-de-lula-chama-atencao-de-auxiliares-no-planalto","status":"publish","type":"post","link":"https:\/\/tvbrazilusa.com\/pt\/2025\/02\/10\/mudanca-de-comportamento-de-lula-chama-atencao-de-auxiliares-no-planalto\/","title":{"rendered":"Mudan\u00e7a de comportamento de Lula chama aten\u00e7\u00e3o de auxiliares no Planalto"},"content":{"rendered":"<p> <script async src=\"https:\/\/pagead2.googlesyndication.com\/pagead\/js\/adsbygoogle.js?client=ca-pub-8864793242727901\"\r\n     crossorigin=\"anonymous\"><\/script><br \/>\n<\/p>\n<div id=\"taboola-read-more\" style=\"display:block; width:100%\">\n<p>Ministros de Lula perceberam que o presidente anda tenso nas agendas de trabalho no Pal\u00e1cio do Planalto.\n<\/p>\n<p>Conhecido por receber auxiliares e visitantes no gabinete com piadas e hist\u00f3rias de outros tempos, o petista anda com semblante fechado, tratando de temas de forma objetiva e, em alguns momentos, com ar meio distante.<\/p>\n<p>\u201cO clima t\u00e1 estranho\u201d, diz um auxiliar.\n<\/p>\n<p>O avan\u00e7o da infla\u00e7\u00e3o, a queda de popularidade e os desafios que o petista enfrentar\u00e1 no Legislativo e no Judici\u00e1rio neste ano, de fato, n\u00e3o permitem muita anima\u00e7\u00e3o.\n<\/p>\n<p>\u00a0<\/p>\n<p>Com informa\u00e7\u00f5es veja<\/p>\n<\/p><\/div>\n<p><br \/>\n<br \/><a href=\"https:\/\/diariodobrasilnoticias.com.br\/noticia\/mudanca-de-comportamento-de-lula-chama-atencao-de-auxiliares-no-planalto-67a9356760e03\">Source link <\/a><\/p>","protected":false},"excerpt":{"rendered":"<p>Ministros de Lula perceberam que o presidente anda tenso nas agendas de trabalho no Pal\u00e1cio do Planalto. Conhecido por receber auxiliares e visitantes no gabinete com piadas e hist\u00f3rias de&hellip;<\/p>","protected":false},"author":1,"featured_media":101088,"comment_status":"closed","ping_status":"open","sticky":false,"template":"","format":"standard","meta":{"content-type":"","footnotes":""},"categories":[16],"tags":[123,2448,5313,1267],"class_list":["post-101087","post","type-post","status-publish","format-standard","has-post-thumbnail","hentry","category-noticias","tag-brasil","tag-diario","tag-noticia","tag-noticias"],"_links":{"self":[{"href":"https:\/\/tvbrazilusa.com\/pt\/wp-json\/wp\/v2\/posts\/101087","targetHints":{"allow":["GET"]}}],"collection":[{"href":"https:\/\/tvbrazilusa.com\/pt\/wp-json\/wp\/v2\/posts"}],"about":[{"href":"https:\/\/tvbrazilusa.com\/pt\/wp-json\/wp\/v2\/types\/post"}],"author":[{"embeddable":true,"href":"https:\/\/tvbrazilusa.com\/pt\/wp-json\/wp\/v2\/users\/1"}],"replies":[{"embeddable":true,"href":"https:\/\/tvbrazilusa.com\/pt\/wp-json\/wp\/v2\/comments?post=101087"}],"version-history":[{"count":1,"href":"https:\/\/tvbrazilusa.com\/pt\/wp-json\/wp\/v2\/posts\/101087\/revisions"}],"predecessor-version":[{"id":101089,"href":"https:\/\/tvbrazilusa.com\/pt\/wp-json\/wp\/v2\/posts\/101087\/revisions\/101089"}],"wp:featuredmedia":[{"embeddable":true,"href":"https:\/\/tvbrazilusa.com\/pt\/wp-json\/wp\/v2\/media\/101088"}],"wp:attachment":[{"href":"https:\/\/tvbrazilusa.com\/pt\/wp-json\/wp\/v2\/media?parent=101087"}],"wp:term":[{"taxonomy":"category","embeddable":true,"href":"https:\/\/tvbrazilusa.com\/pt\/wp-json\/wp\/v2\/categories?post=101087"},{"taxonomy":"post_tag","embeddable":true,"href":"https:\/\/tvbrazilusa.com\/pt\/wp-json\/wp\/v2\/tags?post=101087"}],"curies":[{"name":"wp","href":"https:\/\/api.w.org\/{rel}","templated":true}]}}