{"id":101093,"date":"2025-02-10T02:40:42","date_gmt":"2025-02-10T02:40:42","guid":{"rendered":"https:\/\/tvbrazilusa.com\/2025\/02\/10\/joao-guilherme-diz-que-criticas-o-fizeram-repensar-sobre-o-uso-de-croppeds-nao-quero-mais\/"},"modified":"2025-02-10T02:40:43","modified_gmt":"2025-02-10T02:40:43","slug":"joao-guilherme-diz-que-criticas-o-fizeram-repensar-sobre-o-uso-de-croppeds-nao-quero-mais","status":"publish","type":"post","link":"https:\/\/tvbrazilusa.com\/pt\/2025\/02\/10\/joao-guilherme-diz-que-criticas-o-fizeram-repensar-sobre-o-uso-de-croppeds-nao-quero-mais\/","title":{"rendered":"Jo\u00e3o Guilherme diz que cr\u00edticas o fizeram repensar sobre o uso de croppeds \u201cN\u00e3o quero mais\u201d"},"content":{"rendered":"<p> <script async src=\"https:\/\/pagead2.googlesyndication.com\/pagead\/js\/adsbygoogle.js?client=ca-pub-8864793242727901\"\r\n     crossorigin=\"anonymous\"><\/script><br \/>\n<\/p>\n<div id=\"taboola-read-more\" style=\"display:block; width:100%\">\n<p><em>filho do cantor Leonardo, o ator Jo\u00e3o Guilherme afirmou nesse s\u00e1bado (8) que deixou de usar croppeds. Em entrevista ao programa sabadou ,do SBT,apresentado por sua cunhada, Virg\u00ednia,ele disse que as cr\u00edticas o fizeram repensar.<\/em>\n<\/p>\n<p><em>&#8220;N\u00e3o quero mais&#8221; declarou. &#8220;Se tivesse deixado passar batido, dizendo&#8221; olha que legal, bonitinho&#8221;, acho que estaria usando at\u00e9 hoje. Mas, hoje em dia,j\u00e1 n\u00e3o quero&#8221; completou.<\/em><\/p>\n<p><em>Com informa\u00e7\u00f5es conex\u00e3o pol\u00edtica\u00a0<\/em>              <\/p>\n<\/div>\n<p><br \/>\n<br \/><a href=\"https:\/\/diariodobrasilnoticias.com.br\/noticia\/joao-guilherme-diz-que-criticas-o-fizeram-repensar-sobre-o-uso-de-croppeds-nao-quero-mais-67a93b5a7045c\">Source link <\/a><\/p>","protected":false},"excerpt":{"rendered":"<p>filho do cantor Leonardo, o ator Jo\u00e3o Guilherme afirmou nesse s\u00e1bado (8) que deixou de usar croppeds. Em entrevista ao programa sabadou ,do SBT,apresentado por sua cunhada, Virg\u00ednia,ele disse que&hellip;<\/p>","protected":false},"author":1,"featured_media":101094,"comment_status":"closed","ping_status":"open","sticky":false,"template":"","format":"standard","meta":{"content-type":"","footnotes":""},"categories":[16],"tags":[123,2448,5313,1267],"class_list":["post-101093","post","type-post","status-publish","format-standard","has-post-thumbnail","hentry","category-noticias","tag-brasil","tag-diario","tag-noticia","tag-noticias"],"_links":{"self":[{"href":"https:\/\/tvbrazilusa.com\/pt\/wp-json\/wp\/v2\/posts\/101093","targetHints":{"allow":["GET"]}}],"collection":[{"href":"https:\/\/tvbrazilusa.com\/pt\/wp-json\/wp\/v2\/posts"}],"about":[{"href":"https:\/\/tvbrazilusa.com\/pt\/wp-json\/wp\/v2\/types\/post"}],"author":[{"embeddable":true,"href":"https:\/\/tvbrazilusa.com\/pt\/wp-json\/wp\/v2\/users\/1"}],"replies":[{"embeddable":true,"href":"https:\/\/tvbrazilusa.com\/pt\/wp-json\/wp\/v2\/comments?post=101093"}],"version-history":[{"count":1,"href":"https:\/\/tvbrazilusa.com\/pt\/wp-json\/wp\/v2\/posts\/101093\/revisions"}],"predecessor-version":[{"id":101095,"href":"https:\/\/tvbrazilusa.com\/pt\/wp-json\/wp\/v2\/posts\/101093\/revisions\/101095"}],"wp:featuredmedia":[{"embeddable":true,"href":"https:\/\/tvbrazilusa.com\/pt\/wp-json\/wp\/v2\/media\/101094"}],"wp:attachment":[{"href":"https:\/\/tvbrazilusa.com\/pt\/wp-json\/wp\/v2\/media?parent=101093"}],"wp:term":[{"taxonomy":"category","embeddable":true,"href":"https:\/\/tvbrazilusa.com\/pt\/wp-json\/wp\/v2\/categories?post=101093"},{"taxonomy":"post_tag","embeddable":true,"href":"https:\/\/tvbrazilusa.com\/pt\/wp-json\/wp\/v2\/tags?post=101093"}],"curies":[{"name":"wp","href":"https:\/\/api.w.org\/{rel}","templated":true}]}}