{"id":101096,"date":"2025-02-10T02:54:05","date_gmt":"2025-02-10T02:54:05","guid":{"rendered":"https:\/\/tvbrazilusa.com\/2025\/02\/10\/ladrao-de-cafe-homem-e-preso-apos-roubar-tres-pacotes-em-supermercado\/"},"modified":"2025-02-10T02:54:07","modified_gmt":"2025-02-10T02:54:07","slug":"ladrao-de-cafe-homem-e-preso-apos-roubar-tres-pacotes-em-supermercado","status":"publish","type":"post","link":"https:\/\/tvbrazilusa.com\/pt\/2025\/02\/10\/ladrao-de-cafe-homem-e-preso-apos-roubar-tres-pacotes-em-supermercado\/","title":{"rendered":"Ladr\u00e3o de caf\u00e9: homem \u00e9 preso ap\u00f3s roubar tr\u00eas pacotes em supermercado"},"content":{"rendered":"<p> <script async src=\"https:\/\/pagead2.googlesyndication.com\/pagead\/js\/adsbygoogle.js?client=ca-pub-8864793242727901\"\r\n     crossorigin=\"anonymous\"><\/script><br \/>\n<\/p>\n<div id=\"taboola-read-more\" style=\"display:block; width:100%\">\n<p>Na cidade de <strong>Matozinho<\/strong>, situada na <strong>Regi\u00e3o Metropolitana de Belo Horizonte<\/strong>, um homem de 47 anos foi detido ap\u00f3s invadir um <a href=\"https:\/\/terrabrasilnoticias.com\/2025\/02\/cuidado-ao-informar-o-cpf-em-supermercados-veja-o-aviso-importante\/\" target=\"_blank\" rel=\"noopener noreferrer\">supermercado<\/a>. A ocorr\u00eancia aconteceu na \u00faltima ter\u00e7a-feira (4\/2). O suspeito foi avistado correndo pelo estacionamento do estabelecimento, o que chamou a aten\u00e7\u00e3o dos policiais locais. A resposta r\u00e1pida veio por parte da 11\u00aa <strong>Companhia Independente da Pol\u00edcia Militar<\/strong>. Ao ser abordado, o homem foi levado \u00e0 delegacia para prestar esclarecimentos. Durante a ocorr\u00eancia, foram recuperados os itens que ele havia furtado: tr\u00eas pacotes de caf\u00e9, cada um avaliado em R$ 28. Al\u00e9m disso, um revolver falso foi encontrado em sua posse.<\/p>\n<p>Terra Brasil Not\u00edcias\u00a0<\/p>\n<\/p><\/div>\n<p><br \/>\n<br \/><a href=\"https:\/\/diariodobrasilnoticias.com.br\/noticia\/ladrao-de-cafe-homem-e-preso-apos-roubar-tres-pacotes-em-supermercado-67a9234c7b5d4\">Source link <\/a><\/p>","protected":false},"excerpt":{"rendered":"<p>Na cidade de Matozinho, situada na Regi\u00e3o Metropolitana de Belo Horizonte, um homem de 47 anos foi detido ap\u00f3s invadir um supermercado. A ocorr\u00eancia aconteceu na \u00faltima ter\u00e7a-feira (4\/2). O&hellip;<\/p>","protected":false},"author":1,"featured_media":101097,"comment_status":"closed","ping_status":"open","sticky":false,"template":"","format":"standard","meta":{"content-type":"","footnotes":""},"categories":[16],"tags":[123,2448,5313,1267],"class_list":["post-101096","post","type-post","status-publish","format-standard","has-post-thumbnail","hentry","category-noticias","tag-brasil","tag-diario","tag-noticia","tag-noticias"],"_links":{"self":[{"href":"https:\/\/tvbrazilusa.com\/pt\/wp-json\/wp\/v2\/posts\/101096","targetHints":{"allow":["GET"]}}],"collection":[{"href":"https:\/\/tvbrazilusa.com\/pt\/wp-json\/wp\/v2\/posts"}],"about":[{"href":"https:\/\/tvbrazilusa.com\/pt\/wp-json\/wp\/v2\/types\/post"}],"author":[{"embeddable":true,"href":"https:\/\/tvbrazilusa.com\/pt\/wp-json\/wp\/v2\/users\/1"}],"replies":[{"embeddable":true,"href":"https:\/\/tvbrazilusa.com\/pt\/wp-json\/wp\/v2\/comments?post=101096"}],"version-history":[{"count":1,"href":"https:\/\/tvbrazilusa.com\/pt\/wp-json\/wp\/v2\/posts\/101096\/revisions"}],"predecessor-version":[{"id":101098,"href":"https:\/\/tvbrazilusa.com\/pt\/wp-json\/wp\/v2\/posts\/101096\/revisions\/101098"}],"wp:featuredmedia":[{"embeddable":true,"href":"https:\/\/tvbrazilusa.com\/pt\/wp-json\/wp\/v2\/media\/101097"}],"wp:attachment":[{"href":"https:\/\/tvbrazilusa.com\/pt\/wp-json\/wp\/v2\/media?parent=101096"}],"wp:term":[{"taxonomy":"category","embeddable":true,"href":"https:\/\/tvbrazilusa.com\/pt\/wp-json\/wp\/v2\/categories?post=101096"},{"taxonomy":"post_tag","embeddable":true,"href":"https:\/\/tvbrazilusa.com\/pt\/wp-json\/wp\/v2\/tags?post=101096"}],"curies":[{"name":"wp","href":"https:\/\/api.w.org\/{rel}","templated":true}]}}