{"id":101099,"date":"2025-02-10T03:06:06","date_gmt":"2025-02-10T03:06:06","guid":{"rendered":"https:\/\/tvbrazilusa.com\/2025\/02\/10\/moro-faz-checagem-em-materia-da-folha\/"},"modified":"2025-02-10T03:06:07","modified_gmt":"2025-02-10T03:06:07","slug":"moro-faz-checagem-em-materia-da-folha","status":"publish","type":"post","link":"https:\/\/tvbrazilusa.com\/pt\/2025\/02\/10\/moro-faz-checagem-em-materia-da-folha\/","title":{"rendered":"Moro faz checagem em mat\u00e9ria da Folha"},"content":{"rendered":"<p> <script async src=\"https:\/\/pagead2.googlesyndication.com\/pagead\/js\/adsbygoogle.js?client=ca-pub-8864793242727901\"\r\n     crossorigin=\"anonymous\"><\/script><br \/>\n<\/p>\n<div id=\"taboola-read-more\" style=\"display:block; width:100%\">\n<p>O ex-ministro da Justi\u00e7a e Seguran\u00e7a P\u00fablica, Sergio Moro, questionou recentemente a precis\u00e3o dos dados apresentados em um editorial da Folha de S.Paulo. A mat\u00e9ria, que abordava o n\u00famero de presos no Brasil, utilizou a cifra de 850 mil detentos em celas f\u00edsicas. No entanto, Moro apontou que, segundo dados oficiais do Departamento Penitenci\u00e1rio Nacional (Depen) do Minist\u00e9rio da Justi\u00e7a e Seguran\u00e7a P\u00fablica (MJSP), o n\u00famero correto seria de 663 mil presos.\n<\/p>\n<p>Essa discrep\u00e2ncia de aproximadamente 187 mil presos representa um erro significativo na reportagem. A acusa\u00e7\u00e3o de Moro foi feita atrav\u00e9s das redes sociais, onde ele compartilhou os dados oficiais para corrigir as informa\u00e7\u00f5es divulgadas pela Folha.<\/p>\n<p>A precis\u00e3o em mat\u00e9rias jornal\u00edsticas \u00e9 fundamental, especialmente quando se trata de temas t\u00e3o sens\u00edveis como o sistema carcer\u00e1rio brasileiro. Erros desse porte podem distorcer a percep\u00e7\u00e3o p\u00fablica sobre a realidade do encarceramento no pa\u00eds, afetando debates sobre pol\u00edticas de seguran\u00e7a p\u00fablica e reforma prisional.\n<\/p>\n<p>A Folha de S.Paulo ainda n\u00e3o se manifestou oficialmente sobre o erro apontado por Moro. No entanto, \u00e9 esperado que haja um esclarecimento ou corre\u00e7\u00e3o da mat\u00e9ria, em conformidade com os princ\u00edpios \u00e9ticos do jornalismo que valorizam a veracidade e a exatid\u00e3o das informa\u00e7\u00f5es publicadas.\n<\/p>\n<p>Este caso ressalta a import\u00e2ncia da checagem e rechecagem de dados antes da publica\u00e7\u00e3o de mat\u00e9rias, especialmente quando os n\u00fameros s\u00e3o centrais para o argumento da reportagem. A transpar\u00eancia e a corre\u00e7\u00e3o de erros s\u00e3o essenciais para manter a credibilidade dos ve\u00edculos de comunica\u00e7\u00e3o perante o p\u00fablico.              <\/p>\n<\/div>\n<p><br \/>\n<br \/><a href=\"https:\/\/diariodobrasilnoticias.com.br\/noticia\/-moro-faz-checagem-em-materia-da-folha-67a92dc4b3d08\">Source link <\/a><\/p>","protected":false},"excerpt":{"rendered":"<p>O ex-ministro da Justi\u00e7a e Seguran\u00e7a P\u00fablica, Sergio Moro, questionou recentemente a precis\u00e3o dos dados apresentados em um editorial da Folha de S.Paulo. A mat\u00e9ria, que abordava o n\u00famero de&hellip;<\/p>","protected":false},"author":1,"featured_media":101100,"comment_status":"closed","ping_status":"open","sticky":false,"template":"","format":"standard","meta":{"content-type":"","footnotes":""},"categories":[16],"tags":[123,2448,5313,1267],"class_list":["post-101099","post","type-post","status-publish","format-standard","has-post-thumbnail","hentry","category-noticias","tag-brasil","tag-diario","tag-noticia","tag-noticias"],"_links":{"self":[{"href":"https:\/\/tvbrazilusa.com\/pt\/wp-json\/wp\/v2\/posts\/101099","targetHints":{"allow":["GET"]}}],"collection":[{"href":"https:\/\/tvbrazilusa.com\/pt\/wp-json\/wp\/v2\/posts"}],"about":[{"href":"https:\/\/tvbrazilusa.com\/pt\/wp-json\/wp\/v2\/types\/post"}],"author":[{"embeddable":true,"href":"https:\/\/tvbrazilusa.com\/pt\/wp-json\/wp\/v2\/users\/1"}],"replies":[{"embeddable":true,"href":"https:\/\/tvbrazilusa.com\/pt\/wp-json\/wp\/v2\/comments?post=101099"}],"version-history":[{"count":1,"href":"https:\/\/tvbrazilusa.com\/pt\/wp-json\/wp\/v2\/posts\/101099\/revisions"}],"predecessor-version":[{"id":101101,"href":"https:\/\/tvbrazilusa.com\/pt\/wp-json\/wp\/v2\/posts\/101099\/revisions\/101101"}],"wp:featuredmedia":[{"embeddable":true,"href":"https:\/\/tvbrazilusa.com\/pt\/wp-json\/wp\/v2\/media\/101100"}],"wp:attachment":[{"href":"https:\/\/tvbrazilusa.com\/pt\/wp-json\/wp\/v2\/media?parent=101099"}],"wp:term":[{"taxonomy":"category","embeddable":true,"href":"https:\/\/tvbrazilusa.com\/pt\/wp-json\/wp\/v2\/categories?post=101099"},{"taxonomy":"post_tag","embeddable":true,"href":"https:\/\/tvbrazilusa.com\/pt\/wp-json\/wp\/v2\/tags?post=101099"}],"curies":[{"name":"wp","href":"https:\/\/api.w.org\/{rel}","templated":true}]}}