{"id":101102,"date":"2025-02-10T03:18:13","date_gmt":"2025-02-10T03:18:13","guid":{"rendered":"https:\/\/tvbrazilusa.com\/2025\/02\/10\/boulos-destinou-200-mil-em-emendas-a-ong-das-marmitas-fantasmas\/"},"modified":"2025-02-10T03:18:14","modified_gmt":"2025-02-10T03:18:14","slug":"boulos-destinou-200-mil-em-emendas-a-ong-das-marmitas-fantasmas","status":"publish","type":"post","link":"https:\/\/tvbrazilusa.com\/pt\/2025\/02\/10\/boulos-destinou-200-mil-em-emendas-a-ong-das-marmitas-fantasmas\/","title":{"rendered":"Boulos destinou 200 mil em emendas a ONG das marmitas fantasmas"},"content":{"rendered":"<p> <script async src=\"https:\/\/pagead2.googlesyndication.com\/pagead\/js\/adsbygoogle.js?client=ca-pub-8864793242727901\"\r\n     crossorigin=\"anonymous\"><\/script><br \/>\n<\/p>\n<div>O deputado federal\u00a0Guilherme Boulos (PSOL-SP)\u00a0destinou\u00a0R$ 200 mil em emendas parlamentares\u00a0para a\u00a0ONG Movimento Organizacional Vencer Educar e Realizar (Mover), piv\u00f4 do esc\u00e2ndalo das\u00a0marmitas fantasmas. O empenho foi feito em 19 de julho de 2024, v\u00e9spera do psolista ser oficializado como candidato da esquerda \u00e0 Prefeitura de S\u00e3o Paulo, com Marta Suplicy (PT) de vice. No dia 31 do mesmo m\u00eas, a ONG firmou conv\u00eanio com o Minist\u00e9rio do Desenvolvimento Social e Combate \u00e0 Fome (MDS), comandado por Wellington Dias. A publica\u00e7\u00e3o do conv\u00eanio (veja abaixo) ocorreu no dia seguinte e o pagamento das duas emendas,\u00a0<a href=\"https:\/\/portaldatransparencia.gov.br\/despesas\/documento\/liquidacao\/550008000012024NS001203?ordenarPor=fase&#038;direcao=desc\">uma de R$ 150 mil<\/a>\u00a0e\u00a0<a href=\"https:\/\/portaldatransparencia.gov.br\/despesas\/documento\/pagamento\/550008000012024OB000217?ordenarPor=fase&#038;direcao=desc\">outra de R$ 50 mil<\/a>, saiu em dezembro.<\/div>\n<div>\n<p>A\u00a0ONG Mover\u00a0virou alvo da Pol\u00edcia Federal ap\u00f3s den\u00fancias de que n\u00e3o estaria entregando as marmitas do programa\u00a0Cozinha Solid\u00e1ria, executado pelo MDS. Ela est\u00e1 em nome de Jos\u00e9 Renato Varj\u00e3o, ex-assessor dos deputados Nilto e \u00canio Tatto. Segundo o Portal da Transpar\u00eancia,<a href=\"https:\/\/portaldatransparencia.gov.br\/convenios\/consulta?convenente=369917937&#038;ordenarPor=orgao&#038;direcao=desc\">\u00a0a Mover recebeu mais de\u00a0R$ 11 milh\u00f5es<\/a>\u00a0da pasta de Dias, para a\u00e7\u00f5es da\u00a0Cozinha Solid\u00e1ria\u00a0e de\u00a0cursos de capacita\u00e7\u00e3o. No caso do programa de alimenta\u00e7\u00e3o para pessoas de baixa renda, foram repassados R$ 5,6 milh\u00f5es. O dinheiro, por\u00e9m, foi repassado a outras organiza\u00e7\u00f5es ligadas a petistas e at\u00e9 a empresas do pr\u00f3prio Varj\u00e3o e de um sobrinho.\n<\/p>\n<p>O programa\u00a0Cozinha Solid\u00e1ria\u00a0foi institu\u00eddo pelo governo\u00a0Lula\u00a0a partir de projeto de lei relatado na C\u00e2mara por Boulos e cuja tramita\u00e7\u00e3o ocorreu em tempo recorde. Inspirado, segundo o deputado, na experi\u00eancia das cozinhas solid\u00e1rias montadas pelo MTST durante a pandemia, o programa virou uma de suas bandeiras de campanha \u00e0 Prefeitura paulistana.\u00a0\u201cEssa \u00e9 uma vit\u00f3ria extraordin\u00e1ria do povo brasileiro para fortalecer o combate \u00e0 fome em todo o pa\u00eds. Quem tem fome tem pressa\u201d, disse Boulos, na ocasi\u00e3o.<\/p>\n<p>Em 5 de julho, Boulos participou de evento do programa (foto), em bairro da zona sul de S\u00e3o Paulo, ao lado de\u00a0Wellington Dias\u00a0e dos irm\u00e3os\u00a0Tatto.\u00a0Na ocasi\u00e3o, ele anunciou que destinaria R$ 2 milh\u00f5es em emendas parlamentares a projetos do Cozinha Solid\u00e1ria.\n<\/p>\n<p>Com informa\u00e7\u00f5es dfmobilidade\u00a0\n<\/p>\n<\/div>\n<p><br \/>\n<br \/><a href=\"https:\/\/diariodobrasilnoticias.com.br\/noticia\/boulos-destinou-200-mil-em-emendas-a-ong-das-marmitas-fantasmas-67a92c9a8f398\">Source link <\/a><\/p>","protected":false},"excerpt":{"rendered":"<p>O deputado federal\u00a0Guilherme Boulos (PSOL-SP)\u00a0destinou\u00a0R$ 200 mil em emendas parlamentares\u00a0para a\u00a0ONG Movimento Organizacional Vencer Educar e Realizar (Mover), piv\u00f4 do esc\u00e2ndalo das\u00a0marmitas fantasmas. O empenho foi feito em 19 de&hellip;<\/p>","protected":false},"author":1,"featured_media":101103,"comment_status":"closed","ping_status":"open","sticky":false,"template":"","format":"standard","meta":{"content-type":"","footnotes":""},"categories":[16],"tags":[123,2448,5313,1267],"class_list":["post-101102","post","type-post","status-publish","format-standard","has-post-thumbnail","hentry","category-noticias","tag-brasil","tag-diario","tag-noticia","tag-noticias"],"_links":{"self":[{"href":"https:\/\/tvbrazilusa.com\/pt\/wp-json\/wp\/v2\/posts\/101102","targetHints":{"allow":["GET"]}}],"collection":[{"href":"https:\/\/tvbrazilusa.com\/pt\/wp-json\/wp\/v2\/posts"}],"about":[{"href":"https:\/\/tvbrazilusa.com\/pt\/wp-json\/wp\/v2\/types\/post"}],"author":[{"embeddable":true,"href":"https:\/\/tvbrazilusa.com\/pt\/wp-json\/wp\/v2\/users\/1"}],"replies":[{"embeddable":true,"href":"https:\/\/tvbrazilusa.com\/pt\/wp-json\/wp\/v2\/comments?post=101102"}],"version-history":[{"count":1,"href":"https:\/\/tvbrazilusa.com\/pt\/wp-json\/wp\/v2\/posts\/101102\/revisions"}],"predecessor-version":[{"id":101104,"href":"https:\/\/tvbrazilusa.com\/pt\/wp-json\/wp\/v2\/posts\/101102\/revisions\/101104"}],"wp:featuredmedia":[{"embeddable":true,"href":"https:\/\/tvbrazilusa.com\/pt\/wp-json\/wp\/v2\/media\/101103"}],"wp:attachment":[{"href":"https:\/\/tvbrazilusa.com\/pt\/wp-json\/wp\/v2\/media?parent=101102"}],"wp:term":[{"taxonomy":"category","embeddable":true,"href":"https:\/\/tvbrazilusa.com\/pt\/wp-json\/wp\/v2\/categories?post=101102"},{"taxonomy":"post_tag","embeddable":true,"href":"https:\/\/tvbrazilusa.com\/pt\/wp-json\/wp\/v2\/tags?post=101102"}],"curies":[{"name":"wp","href":"https:\/\/api.w.org\/{rel}","templated":true}]}}