{"id":101105,"date":"2025-02-10T03:31:33","date_gmt":"2025-02-10T03:31:33","guid":{"rendered":"https:\/\/tvbrazilusa.com\/2025\/02\/10\/boca-de-urna-no-equador-aponta-reeleicao-de-presidente-da-direita-noboa\/"},"modified":"2025-02-10T03:31:35","modified_gmt":"2025-02-10T03:31:35","slug":"boca-de-urna-no-equador-aponta-reeleicao-de-presidente-da-direita-noboa","status":"publish","type":"post","link":"https:\/\/tvbrazilusa.com\/pt\/2025\/02\/10\/boca-de-urna-no-equador-aponta-reeleicao-de-presidente-da-direita-noboa\/","title":{"rendered":"Boca de urna no Equador aponta reelei\u00e7\u00e3o de presidente da Direita, Noboa"},"content":{"rendered":"<p> <script async src=\"https:\/\/pagead2.googlesyndication.com\/pagead\/js\/adsbygoogle.js?client=ca-pub-8864793242727901\"\r\n     crossorigin=\"anonymous\"><\/script><br \/>\n<\/p>\n<div id=\"taboola-read-more\" style=\"display:block; width:100%\">\n<p>Boca de urna aponta reelei\u00e7\u00e3o do presidente do Equador, Daniel Noboa, no primeiro turno. Eleitores foram \u00e0s urnas no pa\u00eds para escolher presidente neste domingo (9). Link v\u00eddeo :<a href=\"https:\/\/x.com\/globonews\/status\/1888730908141682711?s=12\">https:\/\/x.com\/globonews\/status\/1888730908141682711?s=12<\/a>\n<\/p>\n<p>informa\u00e7\u00f5es Globo news\u00a0<\/p>\n<\/p><\/div>\n<p><br \/>\n<br \/><a href=\"https:\/\/diariodobrasilnoticias.com.br\/noticia\/boca-de-urna-no-equador-aponta-reeleicao-de-presidente-da-direita-noboa-67a93d8b5cd4b\">Source link <\/a><\/p>","protected":false},"excerpt":{"rendered":"<p>Boca de urna aponta reelei\u00e7\u00e3o do presidente do Equador, Daniel Noboa, no primeiro turno. Eleitores foram \u00e0s urnas no pa\u00eds para escolher presidente neste domingo (9). Link v\u00eddeo :https:\/\/x.com\/globonews\/status\/1888730908141682711?s=12 informa\u00e7\u00f5es&hellip;<\/p>","protected":false},"author":1,"featured_media":101106,"comment_status":"closed","ping_status":"open","sticky":false,"template":"","format":"standard","meta":{"content-type":"","footnotes":""},"categories":[16],"tags":[123,2448,5313,1267],"class_list":["post-101105","post","type-post","status-publish","format-standard","has-post-thumbnail","hentry","category-noticias","tag-brasil","tag-diario","tag-noticia","tag-noticias"],"_links":{"self":[{"href":"https:\/\/tvbrazilusa.com\/pt\/wp-json\/wp\/v2\/posts\/101105","targetHints":{"allow":["GET"]}}],"collection":[{"href":"https:\/\/tvbrazilusa.com\/pt\/wp-json\/wp\/v2\/posts"}],"about":[{"href":"https:\/\/tvbrazilusa.com\/pt\/wp-json\/wp\/v2\/types\/post"}],"author":[{"embeddable":true,"href":"https:\/\/tvbrazilusa.com\/pt\/wp-json\/wp\/v2\/users\/1"}],"replies":[{"embeddable":true,"href":"https:\/\/tvbrazilusa.com\/pt\/wp-json\/wp\/v2\/comments?post=101105"}],"version-history":[{"count":1,"href":"https:\/\/tvbrazilusa.com\/pt\/wp-json\/wp\/v2\/posts\/101105\/revisions"}],"predecessor-version":[{"id":101107,"href":"https:\/\/tvbrazilusa.com\/pt\/wp-json\/wp\/v2\/posts\/101105\/revisions\/101107"}],"wp:featuredmedia":[{"embeddable":true,"href":"https:\/\/tvbrazilusa.com\/pt\/wp-json\/wp\/v2\/media\/101106"}],"wp:attachment":[{"href":"https:\/\/tvbrazilusa.com\/pt\/wp-json\/wp\/v2\/media?parent=101105"}],"wp:term":[{"taxonomy":"category","embeddable":true,"href":"https:\/\/tvbrazilusa.com\/pt\/wp-json\/wp\/v2\/categories?post=101105"},{"taxonomy":"post_tag","embeddable":true,"href":"https:\/\/tvbrazilusa.com\/pt\/wp-json\/wp\/v2\/tags?post=101105"}],"curies":[{"name":"wp","href":"https:\/\/api.w.org\/{rel}","templated":true}]}}