{"id":101145,"date":"2025-02-10T03:17:50","date_gmt":"2025-02-10T03:17:50","guid":{"rendered":"https:\/\/tvbrazilusa.com\/2025\/02\/10\/j-d-vance-diz-que-judiciario-nao-pode-usurpar-poder-de-trump-paulo-figueiredo-tv-florida-usa-a-sua-tv-brasileira-nos-estados-unidos\/"},"modified":"2025-02-10T08:34:02","modified_gmt":"2025-02-10T08:34:02","slug":"j-d-vance-diz-que-judiciario-nao-pode-usurpar-poder-de-trump-paulo-figueiredo-tv-florida-usa-a-sua-tv-brasileira-nos-estados-unidos","status":"publish","type":"post","link":"https:\/\/tvbrazilusa.com\/pt\/2025\/02\/10\/j-d-vance-diz-que-judiciario-nao-pode-usurpar-poder-de-trump-paulo-figueiredo-tv-florida-usa-a-sua-tv-brasileira-nos-estados-unidos\/","title":{"rendered":"J.D. Vance diz que Judici\u00e1rio n\u00e3o pode usurpar poder de Trump \u2013 Paulo Figueiredo \u2013 TV Florida USA \u2013 A sua TV Brasileira nos Estados Unidos"},"content":{"rendered":"<p> <script async src=\"https:\/\/pagead2.googlesyndication.com\/pagead\/js\/adsbygoogle.js?client=ca-pub-8864793242727901\"\r\n     crossorigin=\"anonymous\"><\/script><br \/>\n<\/p>\n<div id=\"wtr-content\" data-bg=\"#FFFFFF\" data-fg=\"#006d91\" data-width=\"25\" data-mute=\"1\" data-fgopacity=\"1.00\" data-mutedopacity=\"0.5\" data-placement=\"bottom\" data-placement-offset=\"0\" data-content-offset=\"262\" data-placement-touch=\"bottom\" data-placement-offset-touch=\"0\" data-transparent=\"\" data-shadow=\"0\" data-touch=\"1\" data-non-touch=\"1\" data-comments=\"0\" data-commentsbg=\"transparent\" data-location=\"page\" data-mutedfg=\"#006d91\" data-endfg=\"#006d91\" data-rtl=\"\">\n<h3 class=\"wp-block-heading\">Declara\u00e7\u00e3o do vice-presidente dos EUA vem num momento em que ju\u00edzes est\u00e3o derrubando decretos de Donald Trump<\/h3>\n<p>O vice-presidente dos Estados Unidos,\u00a0J.D. Vance, fez uma s\u00e9rie de coment\u00e1rios no seu perfil no X criticando decis\u00f5es de ju\u00edzes norte-americanos que est\u00e3o derrubando decretos baixados pelo presidente norte-americano,\u00a0Donald Trump\u00a0(republicano).<\/p>\n<p>At\u00e9 agora, desde a\u00a0posse\u00a0de Trump, em 20 de janeiro de 2025, o Poder Judici\u00e1rio j\u00e1\u00a0barrou\u00a0o decreto que\u00a0acabava\u00a0com o direito \u00e0 cidadania para filhos de imigrantes ilegais, a\u00a0inten\u00e7\u00e3o\u00a0de\u00a0Elon Musk\u00a0de ter acesso a um sistema sens\u00edvel do Departamento do Tesouro, a\u00a0transfer\u00eancia\u00a0de presidi\u00e1rias transexuais para pris\u00f5es masculinas e o\u00a0afastamento\u00a0de funcion\u00e1rios da USaid em licen\u00e7a administrativa.<\/p>\n<figure class=\"wp-block-image aligncenter size-large is-resized\"\/>\n<p>Vance n\u00e3o cita as decis\u00f5es, mas fez os seguintes coment\u00e1rios:\u00a0<em>\u201cSe um juiz tentasse dizer a um general como conduzir uma opera\u00e7\u00e3o militar, isso seria ilegal. Se um juiz tentasse dar ordens ao procurador-geral sobre como usar seu poder discricion\u00e1rio como promotor, isso tamb\u00e9m seria ilegal. Os ju\u00edzes n\u00e3o t\u00eam permiss\u00e3o para controlar o poder leg\u00edtimo do Poder Executivo\u201d<\/em>.<\/p>\n<p><strong>Em certa medida, a cr\u00edtica de J.D. Vance se assemelha ao que foi visto na pol\u00edtica do Brasil durante o mandato de\u00a0Jair Bolsonaro\u00a0no Planalto (2019-2022). O presidente brasileiro e seus aliados reclamavam constantemente da atua\u00e7\u00e3o do Judici\u00e1rio.<\/strong><\/p>\n<p>Vance cursou direito e se formou em 2013 pela escola de direito de Yale, uma das universidades mais respeitadas dos EUA. O vice-presidente tem repetido em v\u00e1rias ocasi\u00f5es que presidentes como Trump podem e devem ignorar ordens judiciais. Para Vance, essas decis\u00f5es estariam infringindo o\u00a0<em>\u201cpoder leg\u00edtimo\u201d<\/em>\u00a0conquistado por Trump nas urnas.<\/p>\n<p>Uma das que mais irritou os trumpistas foi a que impediu o Doge (Departamento de Efici\u00eancia Governamental), comandado pelo bilion\u00e1rio Elon Musk (dono da Tesla, Starlink, X e outras empresas) de ter acesso ao sistema de pagamentos do Departamento do Tesouro \u2013o equivalente ao Minist\u00e9rio da Fazenda no Brasil.<\/p>\n<p>No s\u00e1bado (8.fev.2025), Vance\u00a0compartilhou\u00a0em seu perfil no X uma publica\u00e7\u00e3o de\u00a0Adrian Vermeule, <strong>professor da escola de direito de Harvard, que criticou a decis\u00e3o do juiz federal Paul Engelmayer, de um tribunal em Nova York, de proibir acesso do Doge aos dados da Secretaria do Tesouro<\/strong>.\u00a0<em>\u201cA interfer\u00eancia judicial em atos leg\u00edtimos do Estado, especialmente no funcionamento interno de um poder equivalente, \u00e9 uma viola\u00e7\u00e3o da separa\u00e7\u00e3o de poderes\u201d<\/em>, escreveu Engelmayer \u2013e teve o endosso de Vance.<\/p>\n<figure class=\"wp-block-image aligncenter size-large is-resized\"><\/figure>\n<p>Engelmayer, por sua vez, havia compartilhado um post, do senador\u00a0Tom Cotton\u00a0(republicano do Arkansas), que fez uma dura\u00a0<a rel=\"nofollow\" target=\"_blank\" href=\"https:\/\/x.com\/SenTomCotton\/status\/1888335201652314487\">cr\u00edt<\/a>i<a rel=\"nofollow\" target=\"_blank\" href=\"https:\/\/x.com\/SenTomCotton\/status\/1888335201652314487\">ca<\/a>\u00a0contra a decis\u00e3o do juiz Paul Engelmayer:\u00a0<em>\u201cUltrajante. O juiz nomeado por [Barack] Obama, Paul Engelmayer, n\u00e3o apenas proibiu Elon Musk e o Doge de ter acesso aos sistemas do Tesouro. Ele barrou o pr\u00f3prio Secret\u00e1rio do Tesouro. Sem citar uma \u00fanica lei ou mesmo permitir que o administrador de Trump compare\u00e7a ao tribunal! Este crime deveria ser revertido imediatamente e Engelmayer deveria ser proibido pelos tribunais superiores de ouvir outro caso contra a administra\u00e7\u00e3o Trump\u201d.<\/em><\/p>\n<p>Essa s\u00e9rie de declara\u00e7\u00f5es de integrantes do governo Trump contra decis\u00f5es do Poder Judici\u00e1rio deve seguir escalando nos pr\u00f3ximos dias. N\u00e3o est\u00e1 claro qual ser\u00e1 a estrat\u00e9gia do presidente norte-americano para tentar reverter as derrotas em diversos tribunais. Por enquanto, h\u00e1 uma rea\u00e7\u00e3o apenas ret\u00f3rica de republicanos.<\/p>\n<p><strong><a rel=\"nofollow\" target=\"_blank\" href=\"https:\/\/www.poder360.com.br\/poder-internacional\/j-d-vance-diz-que-judiciario-nao-pode-usurpar-poder-de-trump\/\">Source link<\/a><\/strong><\/p>\n<\/div>\n<p><br \/>\n<br \/><a href=\"https:\/\/tvfloridausa.com\/2025\/02\/10\/j-d-vance-diz-que-judiciario-nao-pode-usurpar-poder-de-trump-paulo-figueiredo\/\">Source link <\/a><\/p>","protected":false},"excerpt":{"rendered":"<p>Declara\u00e7\u00e3o do vice-presidente dos EUA vem num momento em que ju\u00edzes est\u00e3o derrubando decretos de Donald Trump O vice-presidente dos Estados Unidos,\u00a0J.D. Vance, fez uma s\u00e9rie de coment\u00e1rios no seu&hellip;<\/p>","protected":false},"author":1,"featured_media":101146,"comment_status":"closed","ping_status":"open","sticky":false,"template":"","format":"standard","meta":{"content-type":"","footnotes":""},"categories":[22],"tags":[],"class_list":["post-101145","post","type-post","status-publish","format-standard","has-post-thumbnail","hentry","category-tv-florida-usa"],"_links":{"self":[{"href":"https:\/\/tvbrazilusa.com\/pt\/wp-json\/wp\/v2\/posts\/101145","targetHints":{"allow":["GET"]}}],"collection":[{"href":"https:\/\/tvbrazilusa.com\/pt\/wp-json\/wp\/v2\/posts"}],"about":[{"href":"https:\/\/tvbrazilusa.com\/pt\/wp-json\/wp\/v2\/types\/post"}],"author":[{"embeddable":true,"href":"https:\/\/tvbrazilusa.com\/pt\/wp-json\/wp\/v2\/users\/1"}],"replies":[{"embeddable":true,"href":"https:\/\/tvbrazilusa.com\/pt\/wp-json\/wp\/v2\/comments?post=101145"}],"version-history":[{"count":1,"href":"https:\/\/tvbrazilusa.com\/pt\/wp-json\/wp\/v2\/posts\/101145\/revisions"}],"predecessor-version":[{"id":101147,"href":"https:\/\/tvbrazilusa.com\/pt\/wp-json\/wp\/v2\/posts\/101145\/revisions\/101147"}],"wp:featuredmedia":[{"embeddable":true,"href":"https:\/\/tvbrazilusa.com\/pt\/wp-json\/wp\/v2\/media\/101146"}],"wp:attachment":[{"href":"https:\/\/tvbrazilusa.com\/pt\/wp-json\/wp\/v2\/media?parent=101145"}],"wp:term":[{"taxonomy":"category","embeddable":true,"href":"https:\/\/tvbrazilusa.com\/pt\/wp-json\/wp\/v2\/categories?post=101145"},{"taxonomy":"post_tag","embeddable":true,"href":"https:\/\/tvbrazilusa.com\/pt\/wp-json\/wp\/v2\/tags?post=101145"}],"curies":[{"name":"wp","href":"https:\/\/api.w.org\/{rel}","templated":true}]}}