{"id":101156,"date":"2025-02-10T10:03:44","date_gmt":"2025-02-10T10:03:44","guid":{"rendered":"https:\/\/tvbrazilusa.com\/2025\/02\/10\/segundo-o-estadao-o-pt-destinou-r-26-milhoes-em-emendas-para-financiar-uma-tv-sindical-privada\/"},"modified":"2025-02-10T10:03:46","modified_gmt":"2025-02-10T10:03:46","slug":"segundo-o-estadao-o-pt-destinou-r-26-milhoes-em-emendas-para-financiar-uma-tv-sindical-privada","status":"publish","type":"post","link":"https:\/\/tvbrazilusa.com\/pt\/2025\/02\/10\/segundo-o-estadao-o-pt-destinou-r-26-milhoes-em-emendas-para-financiar-uma-tv-sindical-privada\/","title":{"rendered":"Segundo o Estad\u00e3o, o PT destinou R$ 2,6 milh\u00f5es em emendas para financiar uma TV sindical privada."},"content":{"rendered":"<p> <script async src=\"https:\/\/pagead2.googlesyndication.com\/pagead\/js\/adsbygoogle.js?client=ca-pub-8864793242727901\"\r\n     crossorigin=\"anonymous\"><\/script><br \/>\n<\/p>\n<p>O jornal<em>\u00a0O Estado de S.Paulo<\/em>\u00a0revelou que a\u00a0<strong><a href=\"https:\/\/www.ebc.com.br\/\" target=\"_blank\" rel=\"noopener noreferrer\">Empresa Brasileira de Comunica\u00e7\u00e3o (EBC)<\/a><\/strong>\u00a0firmou dois conv\u00eanios com a chamada TV do Trabalhador (TVT), ligada ao Sindicato dos Metal\u00fargicos do ABC e \u00e0 Central \u00danica dos Trabalhadores (CUT).\n<\/p>\n<p>O acordo tem o objetivo de bancar a renova\u00e7\u00e3o dos est\u00fadios e dos equipamentos da emissora, al\u00e9m de financiar a produ\u00e7\u00e3o de seus \u201cprogramas jornal\u00edsticos\u201d. As aspas aqui s\u00e3o necess\u00e1rias, porque o que a TVT chama de jornalismo \u00e9 conhecido no mundo real como propaganda.<\/p>\n<p>A bem da verdade,\u00a0<strong><a href=\"https:\/\/www.estadao.com.br\/opiniao\/tv-do-pt-dinheiro-dos-contribuintes\/\" target=\"_blank\" rel=\"noopener noreferrer\">conforme<\/a><\/strong>\u00a0o\u00a0<em>Estad\u00e3o<\/em>, o canal poderia facilmente se chamar \u201cTV do PT\u201d ou \u201cTV CUT\u201d sem perder a identidade, pois \u00e9 ao proselitismo pol\u00edtico que se presta.\n<\/p>\n<p>A generosa cortesia com chap\u00e9u alheio custar\u00e1 R$ 2,65 milh\u00f5es aos contribuintes. A aquisi\u00e7\u00e3o de novas c\u00e2meras e transmissores, entre outros equipamentos, e a produ\u00e7\u00e3o dos programas ser\u00e3o pagas com recursos advindos de emendas ao Or\u00e7amento da Uni\u00e3o indicadas por 12 parlamentares das bancadas do PT na C\u00e2mara e no Senado, o que s\u00f3 adiciona insulto \u00e0 inj\u00faria.\n<\/p>\n<p>\u201cSe j\u00e1 \u00e9 reprov\u00e1vel o financiamento p\u00fablico de uma organiza\u00e7\u00e3o privada, t\u00e3o ou mais grave \u00e9 a viola\u00e7\u00e3o dos princ\u00edpios da moralidade e da racionalidade nos gastos p\u00fablicos\u201d, afirma o jornal. \u201cSe a TVT n\u00e3o tem condi\u00e7\u00f5es de financiar suas atividades, este \u00e9 um problema exclusivo de seus gestores. O \u00f4nus, por \u00f3bvio, n\u00e3o tem de recair sobre o er\u00e1rio.\u201d\n<\/p>\n<div id=\"hd80s9wa1h892edh8192\">\n<h2 class=\"wp-block-heading\">TV sindical n\u00e3o serve ao conjunto da sociedade<\/h2>\n<p>Embora fa\u00e7a parte da Rede Nacional de Comunica\u00e7\u00e3o P\u00fablica (RNCP), a TVT n\u00e3o \u00e9 um canal de comunica\u00e7\u00e3o que serve ao conjunto da sociedade brasileira. Dado o tra\u00e7o de audi\u00eancia, \u00e9 l\u00edcito inferir que a esmagadora maioria dos cidad\u00e3os nem sequer ouviu falar do canal a servi\u00e7o do PT e das agremia\u00e7\u00f5es sindicais, malgrado se dizer \u201cdo trabalhador\u201d.\n<\/p>\n<p>\u00a0<\/p>\n<p>Trata-se de uma emissora cuja origem e linha editorial s\u00e3o marcadamente associadas ao sindicalismo e \u00e0 milit\u00e2ncia pol\u00edtica petista, raz\u00e3o pela qual cabe ao PT, \u00e0 CUT e aos sindicatos a esta vinculadas custear a sua programa\u00e7\u00e3o.\n<\/p>\n<p>Para qualquer cidad\u00e3o sensato, essa separa\u00e7\u00e3o \u00e9 perfeitamente compreens\u00edvel. J\u00e1 para os petistas, \u00e9 inconceb\u00edvel distinguir o interesse p\u00fablico dos interesses do partido ou do governo do presidente Luiz In\u00e1cio Lula da Silva (PT). \u201cNessa mix\u00f3rdia, a apropria\u00e7\u00e3o da EBC para fins pol\u00edtico-partid\u00e1rios \u00e9 tratada como a coisa mais natural do mundo\u201d, avalia o\u00a0<em>Estad\u00e3o<\/em>.\n<\/p>\n<p>\u201cO Brasil enfrenta desafios fiscais que exigem responsabilidade e austeridade na aplica\u00e7\u00e3o dos recursos p\u00fablicos. Cada centavo gasto pelo Estado deve ser justificado por seu retorno social amplo, beneficiando a coletividade, e n\u00e3o ser direcionado para sustentar ve\u00edculos de comunica\u00e7\u00e3o de car\u00e1ter privado, ainda que sob o disfarce de um conv\u00eanio institucional\u201d, acrescenta a publica\u00e7\u00e3o.\n<\/p>\n<p>Os contribuintes n\u00e3o podem ser for\u00e7ados a financiar, mesmo indiretamente, a comunica\u00e7\u00e3o de um partido pol\u00edtico ou outra entidade privada espec\u00edfica. O er\u00e1rio n\u00e3o pode ser empregado a servi\u00e7o de interesses particulares. A ver como reagir\u00e3o o Minist\u00e9rio P\u00fablico e o Tribunal de Contas da Uni\u00e3o.\n<\/p>\n<\/div>\n<p><br \/>\n<br \/><a href=\"https:\/\/diariodobrasilnoticias.com.br\/noticia\/segundo-o-estadao-o-pt-destinou-r-2-6-milhoes-em-emendas-para-financiar-uma-tv-sindical-privada-67a9ceb5e98d6\">Source link <\/a><\/p>","protected":false},"excerpt":{"rendered":"<p>O jornal\u00a0O Estado de S.Paulo\u00a0revelou que a\u00a0Empresa Brasileira de Comunica\u00e7\u00e3o (EBC)\u00a0firmou dois conv\u00eanios com a chamada TV do Trabalhador (TVT), ligada ao Sindicato dos Metal\u00fargicos do ABC e \u00e0 Central&hellip;<\/p>","protected":false},"author":1,"featured_media":101157,"comment_status":"closed","ping_status":"open","sticky":false,"template":"","format":"standard","meta":{"content-type":"","footnotes":""},"categories":[16],"tags":[123,2448,5313,1267],"class_list":["post-101156","post","type-post","status-publish","format-standard","has-post-thumbnail","hentry","category-noticias","tag-brasil","tag-diario","tag-noticia","tag-noticias"],"_links":{"self":[{"href":"https:\/\/tvbrazilusa.com\/pt\/wp-json\/wp\/v2\/posts\/101156","targetHints":{"allow":["GET"]}}],"collection":[{"href":"https:\/\/tvbrazilusa.com\/pt\/wp-json\/wp\/v2\/posts"}],"about":[{"href":"https:\/\/tvbrazilusa.com\/pt\/wp-json\/wp\/v2\/types\/post"}],"author":[{"embeddable":true,"href":"https:\/\/tvbrazilusa.com\/pt\/wp-json\/wp\/v2\/users\/1"}],"replies":[{"embeddable":true,"href":"https:\/\/tvbrazilusa.com\/pt\/wp-json\/wp\/v2\/comments?post=101156"}],"version-history":[{"count":1,"href":"https:\/\/tvbrazilusa.com\/pt\/wp-json\/wp\/v2\/posts\/101156\/revisions"}],"predecessor-version":[{"id":101158,"href":"https:\/\/tvbrazilusa.com\/pt\/wp-json\/wp\/v2\/posts\/101156\/revisions\/101158"}],"wp:featuredmedia":[{"embeddable":true,"href":"https:\/\/tvbrazilusa.com\/pt\/wp-json\/wp\/v2\/media\/101157"}],"wp:attachment":[{"href":"https:\/\/tvbrazilusa.com\/pt\/wp-json\/wp\/v2\/media?parent=101156"}],"wp:term":[{"taxonomy":"category","embeddable":true,"href":"https:\/\/tvbrazilusa.com\/pt\/wp-json\/wp\/v2\/categories?post=101156"},{"taxonomy":"post_tag","embeddable":true,"href":"https:\/\/tvbrazilusa.com\/pt\/wp-json\/wp\/v2\/tags?post=101156"}],"curies":[{"name":"wp","href":"https:\/\/api.w.org\/{rel}","templated":true}]}}