{"id":101159,"date":"2025-02-10T10:18:46","date_gmt":"2025-02-10T10:18:46","guid":{"rendered":"https:\/\/tvbrazilusa.com\/2025\/02\/10\/a-oea-ira-incluir-no-relatorio-uma-denuncia-de-violacao-eleitoral-envolvendo-daniel-noboa\/"},"modified":"2025-02-10T10:18:47","modified_gmt":"2025-02-10T10:18:47","slug":"a-oea-ira-incluir-no-relatorio-uma-denuncia-de-violacao-eleitoral-envolvendo-daniel-noboa","status":"publish","type":"post","link":"https:\/\/tvbrazilusa.com\/pt\/2025\/02\/10\/a-oea-ira-incluir-no-relatorio-uma-denuncia-de-violacao-eleitoral-envolvendo-daniel-noboa\/","title":{"rendered":"A OEA ir\u00e1 incluir no relat\u00f3rio uma den\u00fancia de viola\u00e7\u00e3o eleitoral envolvendo Daniel Noboa."},"content":{"rendered":"<p> <script async src=\"https:\/\/pagead2.googlesyndication.com\/pagead\/js\/adsbygoogle.js?client=ca-pub-8864793242727901\"\r\n     crossorigin=\"anonymous\"><\/script><br \/>\n<\/p>\n<div id=\"taboola-read-more\" style=\"display:block; width:100%\">\n<p>O chefe da miss\u00e3o da Organiza\u00e7\u00e3o dos Estados Americanos (OEA), Heraldo Mu\u00f1oz, disse neste domingo (9) que incluir\u00e1 em relat\u00f3rio as afirma\u00e7\u00f5es de alguns candidatos de que n\u00e3o concorreram em igualdade de condi\u00e7\u00f5es nas elei\u00e7\u00f5es contra o presidente do Equador, Daniel Noboa.\n<\/p>\n<p>\u201cEscutamos essas observa\u00e7\u00f5es e essa \u00e9 uma mat\u00e9ria que estar\u00e1 indicada no nosso relat\u00f3rio. Efetivamente, h\u00e1 algumas for\u00e7as pol\u00edticas que expressaram essa opini\u00e3o\u201d, disse Mu\u00f1oz, que foi chanceler da ex-presidente do Chile Michelle Bachelet, em entrevista coletiva, enquanto percorria um centro eleitoral no Equador.<\/p>\n<p>A lei eleitoral do Equador prev\u00ea que os ocupantes de cargos p\u00fablicos que optarem pela reelei\u00e7\u00e3o devem tirar uma licen\u00e7a sem remunera\u00e7\u00e3o desde o in\u00edcio da campanha eleitoral.\n<\/p>\n<p>Noboa n\u00e3o deixou a presid\u00eancia, apesar de estar na disputa para um novo mandato.\n<\/p>\n<p>O atual chefe de Estado \u00e9 favorito para ganhar as elei\u00e7\u00f5es, mas poderia ir para segundo turno com a esquerdista Luisa Gonz\u00e1lez, candidata do partido Revolu\u00e7\u00e3o Cidad\u00e3, do ex-presidente Rafael Correa.\n<\/p>\n<div class=\"single-content\">\n<p>Os outros 14 candidatos aparecem distantes de ambos nas pesquisas de inten\u00e7\u00e3o de votos, com menos chances de vit\u00f3ria.\n<\/p>\n<\/div>\n<section class=\"single-tags\"\/>\n<section class=\"single-tags\"\/>\n<section class=\"single-tags\">Fonte: CNN Brasil<\/section>\n<\/p><\/div>\n<p><br \/>\n<br \/><a href=\"https:\/\/diariodobrasilnoticias.com.br\/noticia\/a-oea-ira-incluir-no-relatorio-uma-denuncia-de-violacao-eleitoral-envolvendo-daniel-noboa-67a9cfce54d25\">Source link <\/a><\/p>","protected":false},"excerpt":{"rendered":"<p>O chefe da miss\u00e3o da Organiza\u00e7\u00e3o dos Estados Americanos (OEA), Heraldo Mu\u00f1oz, disse neste domingo (9) que incluir\u00e1 em relat\u00f3rio as afirma\u00e7\u00f5es de alguns candidatos de que n\u00e3o concorreram em&hellip;<\/p>","protected":false},"author":1,"featured_media":101160,"comment_status":"closed","ping_status":"open","sticky":false,"template":"","format":"standard","meta":{"content-type":"","footnotes":""},"categories":[16],"tags":[123,2448,5313,1267],"class_list":["post-101159","post","type-post","status-publish","format-standard","has-post-thumbnail","hentry","category-noticias","tag-brasil","tag-diario","tag-noticia","tag-noticias"],"_links":{"self":[{"href":"https:\/\/tvbrazilusa.com\/pt\/wp-json\/wp\/v2\/posts\/101159","targetHints":{"allow":["GET"]}}],"collection":[{"href":"https:\/\/tvbrazilusa.com\/pt\/wp-json\/wp\/v2\/posts"}],"about":[{"href":"https:\/\/tvbrazilusa.com\/pt\/wp-json\/wp\/v2\/types\/post"}],"author":[{"embeddable":true,"href":"https:\/\/tvbrazilusa.com\/pt\/wp-json\/wp\/v2\/users\/1"}],"replies":[{"embeddable":true,"href":"https:\/\/tvbrazilusa.com\/pt\/wp-json\/wp\/v2\/comments?post=101159"}],"version-history":[{"count":1,"href":"https:\/\/tvbrazilusa.com\/pt\/wp-json\/wp\/v2\/posts\/101159\/revisions"}],"predecessor-version":[{"id":101161,"href":"https:\/\/tvbrazilusa.com\/pt\/wp-json\/wp\/v2\/posts\/101159\/revisions\/101161"}],"wp:featuredmedia":[{"embeddable":true,"href":"https:\/\/tvbrazilusa.com\/pt\/wp-json\/wp\/v2\/media\/101160"}],"wp:attachment":[{"href":"https:\/\/tvbrazilusa.com\/pt\/wp-json\/wp\/v2\/media?parent=101159"}],"wp:term":[{"taxonomy":"category","embeddable":true,"href":"https:\/\/tvbrazilusa.com\/pt\/wp-json\/wp\/v2\/categories?post=101159"},{"taxonomy":"post_tag","embeddable":true,"href":"https:\/\/tvbrazilusa.com\/pt\/wp-json\/wp\/v2\/tags?post=101159"}],"curies":[{"name":"wp","href":"https:\/\/api.w.org\/{rel}","templated":true}]}}