{"id":101189,"date":"2025-02-10T12:20:26","date_gmt":"2025-02-10T12:20:26","guid":{"rendered":"https:\/\/tvbrazilusa.com\/2025\/02\/10\/trump-sugere-a-compra-de-gaza-e-a-redistribuicao-do-territorio-entre-outras-nacoes\/"},"modified":"2025-02-10T12:20:28","modified_gmt":"2025-02-10T12:20:28","slug":"trump-sugere-a-compra-de-gaza-e-a-redistribuicao-do-territorio-entre-outras-nacoes","status":"publish","type":"post","link":"https:\/\/tvbrazilusa.com\/pt\/2025\/02\/10\/trump-sugere-a-compra-de-gaza-e-a-redistribuicao-do-territorio-entre-outras-nacoes\/","title":{"rendered":"Trump sugere a compra de Gaza e a redistribui\u00e7\u00e3o do territ\u00f3rio entre outras na\u00e7\u00f5es"},"content":{"rendered":"<p> <script async src=\"https:\/\/pagead2.googlesyndication.com\/pagead\/js\/adsbygoogle.js?client=ca-pub-8864793242727901\"\r\n     crossorigin=\"anonymous\"><\/script><br \/>\n<\/p>\n<div>Anteriormente, Trump havia sugerido a Jord\u00e2nia e o Egito como poss\u00edveis destinos para pessoas expulsas de Gaza. Os dois governos, no entanto, rejeitar as posi\u00e7\u00f5es do l\u00edder norte-americano. Na pr\u00f3xima ter\u00e7a-feira (11\/2), o presidente dos EUA tem um encontro marcado com o rei da Jord\u00e2nia, Abdullah II.<\/p>\n<p>Enquanto voava para acompanhar a final da NFL em Nova Orleans, o presidente norte-americano disse que tamb\u00e9m pretende se reunir com os l\u00edderes da Ar\u00e1bia Saudita e do Egito com a expectativa de que negocia\u00e7\u00f5es sobre a \u201climpeza\u201d de Gaza avancem. Ele, contudo, n\u00e3o indicou quando os encontros acontecer\u00e3o.<\/p>\n<\/div>\n<p><br \/>\n<br \/><a href=\"https:\/\/diariodobrasilnoticias.com.br\/noticia\/trump-sugere-a-compra-de-gaza-e-a-redistribuicao-do-territorio-entre-outras-nacoes-67a9d558ae097\">Source link <\/a><\/p>","protected":false},"excerpt":{"rendered":"<p>Anteriormente, Trump havia sugerido a Jord\u00e2nia e o Egito como poss\u00edveis destinos para pessoas expulsas de Gaza. Os dois governos, no entanto, rejeitar as posi\u00e7\u00f5es do l\u00edder norte-americano. Na pr\u00f3xima&hellip;<\/p>","protected":false},"author":1,"featured_media":101190,"comment_status":"closed","ping_status":"open","sticky":false,"template":"","format":"standard","meta":{"content-type":"","footnotes":""},"categories":[16],"tags":[123,2448,5313,1267],"class_list":["post-101189","post","type-post","status-publish","format-standard","has-post-thumbnail","hentry","category-noticias","tag-brasil","tag-diario","tag-noticia","tag-noticias"],"_links":{"self":[{"href":"https:\/\/tvbrazilusa.com\/pt\/wp-json\/wp\/v2\/posts\/101189","targetHints":{"allow":["GET"]}}],"collection":[{"href":"https:\/\/tvbrazilusa.com\/pt\/wp-json\/wp\/v2\/posts"}],"about":[{"href":"https:\/\/tvbrazilusa.com\/pt\/wp-json\/wp\/v2\/types\/post"}],"author":[{"embeddable":true,"href":"https:\/\/tvbrazilusa.com\/pt\/wp-json\/wp\/v2\/users\/1"}],"replies":[{"embeddable":true,"href":"https:\/\/tvbrazilusa.com\/pt\/wp-json\/wp\/v2\/comments?post=101189"}],"version-history":[{"count":1,"href":"https:\/\/tvbrazilusa.com\/pt\/wp-json\/wp\/v2\/posts\/101189\/revisions"}],"predecessor-version":[{"id":101191,"href":"https:\/\/tvbrazilusa.com\/pt\/wp-json\/wp\/v2\/posts\/101189\/revisions\/101191"}],"wp:featuredmedia":[{"embeddable":true,"href":"https:\/\/tvbrazilusa.com\/pt\/wp-json\/wp\/v2\/media\/101190"}],"wp:attachment":[{"href":"https:\/\/tvbrazilusa.com\/pt\/wp-json\/wp\/v2\/media?parent=101189"}],"wp:term":[{"taxonomy":"category","embeddable":true,"href":"https:\/\/tvbrazilusa.com\/pt\/wp-json\/wp\/v2\/categories?post=101189"},{"taxonomy":"post_tag","embeddable":true,"href":"https:\/\/tvbrazilusa.com\/pt\/wp-json\/wp\/v2\/tags?post=101189"}],"curies":[{"name":"wp","href":"https:\/\/api.w.org\/{rel}","templated":true}]}}