{"id":101296,"date":"2025-02-10T17:34:13","date_gmt":"2025-02-10T17:34:13","guid":{"rendered":"https:\/\/tvbrazilusa.com\/2025\/02\/10\/a-tres-meses-das-eleicoes-presidente-da-romenia-anuncia-renuncia\/"},"modified":"2025-02-10T17:34:15","modified_gmt":"2025-02-10T17:34:15","slug":"a-tres-meses-das-eleicoes-presidente-da-romenia-anuncia-renuncia","status":"publish","type":"post","link":"https:\/\/tvbrazilusa.com\/pt\/2025\/02\/10\/a-tres-meses-das-eleicoes-presidente-da-romenia-anuncia-renuncia\/","title":{"rendered":"A tr\u00eas meses das elei\u00e7\u00f5es, presidente da Rom\u00eania anuncia ren\u00fancia"},"content":{"rendered":"<p> <script async src=\"https:\/\/pagead2.googlesyndication.com\/pagead\/js\/adsbygoogle.js?client=ca-pub-8864793242727901\"\r\n     crossorigin=\"anonymous\"><\/script><br \/>\n<\/p>\n<div id=\"taboola-read-more\" style=\"display:block; width:100%\">\n<p>O presidente da Rom\u00eania, Klaus Iohannis, renunciou ao cargo nesta segunda-feira, a 3 meses das elei\u00e7\u00f5es presidenciais, intensificando a crise institucional no pa\u00eds.\n<\/p>\n<p>Iohannis estava sob press\u00e3o devido a um plano dos partidos de direita de votar seu impeachment no Parlamento.<\/p>\n<p>\u201cPara evitar uma crise para a Rom\u00eania e seus cidad\u00e3os, deixarei o cargo\u201d, afirmou Iohannis em discurso em Bucareste.\n<\/p>\n<p>Com a sa\u00edda de Iohannis, o presidente do Senado, Ilie Bolojan, do Partido Liberal, assumir\u00e1 como presidente interino com poderes limitados at\u00e9 as elei\u00e7\u00f5es, marcadas para 4 e 18 de maio.\n<\/p>\n<p><strong>Crise pol\u00edtica na Rom\u00eania<\/strong>\n<\/p>\n<p>A Rom\u00eania, que \u00e9 membro da Uni\u00e3o Europeia e da Otan e faz fronteira com a Ucr\u00e2nia, enfrenta uma crise pol\u00edtica desde novembro do ano anterior.\n<\/p>\n<p>Naquela ocasi\u00e3o, a corte suprema anulou a elei\u00e7\u00e3o presidencial depois de acusa\u00e7\u00f5es de interfer\u00eancia russa, determinando que Iohannis permanecesse no cargo at\u00e9 a elei\u00e7\u00e3o de um sucessor.\n<\/p>\n<p>Durante a vota\u00e7\u00e3o anulada, o candidato de direita Calin Georgescu surpreendeu ao vencer o primeiro turno com 22% dos votos, apesar de pesquisas anteriores indicarem menos de 5% de apoio.\n<\/p>\n<p>Ele defende o fim do apoio da Rom\u00eania \u00e0 Ucr\u00e2nia na guerra contra a R\u00fassia e uma maior aproxima\u00e7\u00e3o com Moscou.\n<\/p>\n<p><strong>Movimenta\u00e7\u00e3o por impeachment<\/strong><br \/>A Justi\u00e7a decidiu suspender o pleito com base em um relat\u00f3rio confidencial dos servi\u00e7os de seguran\u00e7a da Rom\u00eania, que apontou \u201cataques h\u00edbridos agressivos\u201d da R\u00fassia, comprometendo a integridade da vota\u00e7\u00e3o.\n<\/p>\n<p>Em janeiro, tr\u00eas partidos de direita, que controlam cerca de 35% das cadeiras do Parlamento, apresentaram uma mo\u00e7\u00e3o para o impeachment de Iohannis.\n<\/p>\n<p>Com a mo\u00e7\u00e3o em vota\u00e7\u00e3o, analistas sugeriram que alguns legisladores de partidos pr\u00f3-europeus tradicionais poderiam apoiar o esfor\u00e7o de impeachment da direita, proporcionando a maioria necess\u00e1ria.<\/p>\n<p>Fonte: Revista Oeste              <\/p>\n<\/div>\n<p><br \/>\n<br \/><a href=\"https:\/\/diariodobrasilnoticias.com.br\/noticia\/a-tres-meses-das-eleicoes-presidente-da-romenia-anuncia-renuncia-67aa2c8bb54ba\">Source link <\/a><\/p>","protected":false},"excerpt":{"rendered":"<p>O presidente da Rom\u00eania, Klaus Iohannis, renunciou ao cargo nesta segunda-feira, a 3 meses das elei\u00e7\u00f5es presidenciais, intensificando a crise institucional no pa\u00eds. Iohannis estava sob press\u00e3o devido a um&hellip;<\/p>","protected":false},"author":1,"featured_media":101297,"comment_status":"closed","ping_status":"open","sticky":false,"template":"","format":"standard","meta":{"content-type":"","footnotes":""},"categories":[16],"tags":[123,2448,5313,1267],"class_list":["post-101296","post","type-post","status-publish","format-standard","has-post-thumbnail","hentry","category-noticias","tag-brasil","tag-diario","tag-noticia","tag-noticias"],"_links":{"self":[{"href":"https:\/\/tvbrazilusa.com\/pt\/wp-json\/wp\/v2\/posts\/101296","targetHints":{"allow":["GET"]}}],"collection":[{"href":"https:\/\/tvbrazilusa.com\/pt\/wp-json\/wp\/v2\/posts"}],"about":[{"href":"https:\/\/tvbrazilusa.com\/pt\/wp-json\/wp\/v2\/types\/post"}],"author":[{"embeddable":true,"href":"https:\/\/tvbrazilusa.com\/pt\/wp-json\/wp\/v2\/users\/1"}],"replies":[{"embeddable":true,"href":"https:\/\/tvbrazilusa.com\/pt\/wp-json\/wp\/v2\/comments?post=101296"}],"version-history":[{"count":1,"href":"https:\/\/tvbrazilusa.com\/pt\/wp-json\/wp\/v2\/posts\/101296\/revisions"}],"predecessor-version":[{"id":101298,"href":"https:\/\/tvbrazilusa.com\/pt\/wp-json\/wp\/v2\/posts\/101296\/revisions\/101298"}],"wp:featuredmedia":[{"embeddable":true,"href":"https:\/\/tvbrazilusa.com\/pt\/wp-json\/wp\/v2\/media\/101297"}],"wp:attachment":[{"href":"https:\/\/tvbrazilusa.com\/pt\/wp-json\/wp\/v2\/media?parent=101296"}],"wp:term":[{"taxonomy":"category","embeddable":true,"href":"https:\/\/tvbrazilusa.com\/pt\/wp-json\/wp\/v2\/categories?post=101296"},{"taxonomy":"post_tag","embeddable":true,"href":"https:\/\/tvbrazilusa.com\/pt\/wp-json\/wp\/v2\/tags?post=101296"}],"curies":[{"name":"wp","href":"https:\/\/api.w.org\/{rel}","templated":true}]}}