{"id":101305,"date":"2025-02-10T18:01:08","date_gmt":"2025-02-10T18:01:08","guid":{"rendered":"https:\/\/tvbrazilusa.com\/2025\/02\/10\/confira-o-video-do-aviao-que-teve-falha-e-fez-pouso-de-barriga-assista\/"},"modified":"2025-02-10T18:01:13","modified_gmt":"2025-02-10T18:01:13","slug":"confira-o-video-do-aviao-que-teve-falha-e-fez-pouso-de-barriga-assista","status":"publish","type":"post","link":"https:\/\/tvbrazilusa.com\/pt\/2025\/02\/10\/confira-o-video-do-aviao-que-teve-falha-e-fez-pouso-de-barriga-assista\/","title":{"rendered":"Confira o v\u00eddeo do avi\u00e3o que teve falha e fez pouso de &#8216;barriga&#8217;; ASSISTA"},"content":{"rendered":"<p> <script async src=\"https:\/\/pagead2.googlesyndication.com\/pagead\/js\/adsbygoogle.js?client=ca-pub-8864793242727901\"\r\n     crossorigin=\"anonymous\"><\/script><br \/>\n<\/p>\n<div id=\"taboola-read-more\" style=\"display:block; width:100%\">\n<p>Um avi\u00e3o particular fez um pouso de barriga no Aeroporto Estadual de Sorocaba, interior de S\u00e3o Paulo, na manh\u00e3 desta segunda-feira (10). Quatro pessoas sa\u00edram do avi\u00e3o e n\u00e3o h\u00e1 registro de feridos.<\/p>\n<p>A concession\u00e1ria do aeroporto, Rede Voa, disse que o avi\u00e3o apresentou falha nos trens de pouso e parou na pista de pousos e decolagens. Os bombeiros foram acionados e prestaram assist\u00eancia imediatamente. O Cenipa (Centro de Investiga\u00e7\u00e3o e Preven\u00e7\u00e3o de Acidentes Aeron\u00e1uticos) foi informado para realizar a inspe\u00e7\u00e3o e autorizou a remo\u00e7\u00e3o cerca de meia hora ap\u00f3s o pouso.\n<\/p>\n<p>ASSISTA<\/p>\n<p>Fonte: g1              <\/p>\n<\/div>\n<p><br \/>\n<br \/><a href=\"https:\/\/diariodobrasilnoticias.com.br\/noticia\/confira-o-video-do-aviao-que-teve-falha-e-fez-pouso-de-barriga-assista-67aa17713ed67\">Source link <\/a><\/p>","protected":false},"excerpt":{"rendered":"<p>Um avi\u00e3o particular fez um pouso de barriga no Aeroporto Estadual de Sorocaba, interior de S\u00e3o Paulo, na manh\u00e3 desta segunda-feira (10). Quatro pessoas sa\u00edram do avi\u00e3o e n\u00e3o h\u00e1&hellip;<\/p>","protected":false},"author":1,"featured_media":101306,"comment_status":"closed","ping_status":"open","sticky":false,"template":"","format":"standard","meta":{"content-type":"","footnotes":""},"categories":[16],"tags":[123,2448,5313,1267],"class_list":["post-101305","post","type-post","status-publish","format-standard","has-post-thumbnail","hentry","category-noticias","tag-brasil","tag-diario","tag-noticia","tag-noticias"],"_links":{"self":[{"href":"https:\/\/tvbrazilusa.com\/pt\/wp-json\/wp\/v2\/posts\/101305","targetHints":{"allow":["GET"]}}],"collection":[{"href":"https:\/\/tvbrazilusa.com\/pt\/wp-json\/wp\/v2\/posts"}],"about":[{"href":"https:\/\/tvbrazilusa.com\/pt\/wp-json\/wp\/v2\/types\/post"}],"author":[{"embeddable":true,"href":"https:\/\/tvbrazilusa.com\/pt\/wp-json\/wp\/v2\/users\/1"}],"replies":[{"embeddable":true,"href":"https:\/\/tvbrazilusa.com\/pt\/wp-json\/wp\/v2\/comments?post=101305"}],"version-history":[{"count":1,"href":"https:\/\/tvbrazilusa.com\/pt\/wp-json\/wp\/v2\/posts\/101305\/revisions"}],"predecessor-version":[{"id":101307,"href":"https:\/\/tvbrazilusa.com\/pt\/wp-json\/wp\/v2\/posts\/101305\/revisions\/101307"}],"wp:featuredmedia":[{"embeddable":true,"href":"https:\/\/tvbrazilusa.com\/pt\/wp-json\/wp\/v2\/media\/101306"}],"wp:attachment":[{"href":"https:\/\/tvbrazilusa.com\/pt\/wp-json\/wp\/v2\/media?parent=101305"}],"wp:term":[{"taxonomy":"category","embeddable":true,"href":"https:\/\/tvbrazilusa.com\/pt\/wp-json\/wp\/v2\/categories?post=101305"},{"taxonomy":"post_tag","embeddable":true,"href":"https:\/\/tvbrazilusa.com\/pt\/wp-json\/wp\/v2\/tags?post=101305"}],"curies":[{"name":"wp","href":"https:\/\/api.w.org\/{rel}","templated":true}]}}