{"id":101317,"date":"2025-02-10T18:36:04","date_gmt":"2025-02-10T18:36:04","guid":{"rendered":"https:\/\/tvbrazilusa.com\/2025\/02\/10\/entenda-por-que-a-federacao-inglesa-esta-pedindo-que-paqueta-seja-banido-do-futebol\/"},"modified":"2025-02-10T18:36:06","modified_gmt":"2025-02-10T18:36:06","slug":"entenda-por-que-a-federacao-inglesa-esta-pedindo-que-paqueta-seja-banido-do-futebol","status":"publish","type":"post","link":"https:\/\/tvbrazilusa.com\/pt\/2025\/02\/10\/entenda-por-que-a-federacao-inglesa-esta-pedindo-que-paqueta-seja-banido-do-futebol\/","title":{"rendered":"Entenda por que a Federa\u00e7\u00e3o Inglesa est\u00e1 pedindo que Paquet\u00e1 seja banido do futebol"},"content":{"rendered":"<p> <script async src=\"https:\/\/pagead2.googlesyndication.com\/pagead\/js\/adsbygoogle.js?client=ca-pub-8864793242727901\"\r\n     crossorigin=\"anonymous\"><\/script><br \/>\n<\/p>\n<div id=\"taboola-read-more\" style=\"display:block; width:100%\">\n<p>A Federa\u00e7\u00e3o Inglesa (FA) afirmou nesta segunda-feira (10\/02) que ir\u00e1 pedir o banimento de Lucas Paquet\u00e1 do futebol profissional no julgamento que o atleta enfrentar\u00e1 em mar\u00e7o de 2025.\n<\/p>\n<p>Paquet\u00e1 \u00e9 acusado de ter tomado cart\u00f5es amarelos de prop\u00f3sito para manipular apostas. Al\u00e9m disso, o jogador teria obstru\u00eddo as investiga\u00e7\u00f5es ap\u00f3s a Federa\u00e7\u00e3o ter pedido o celular do atleta.<\/p>\n<p>O meio-campista do West Ham vem seguindo normalmente as suas atividades. Paquet\u00e1 e a FA devem apresentar seus argumentos a um Comit\u00ea Independente. Este Comit\u00ea \u00e9 quem definir\u00e1 o veredito do caso.\n<\/p>\n<p>O julgamento dos recursos ser\u00e1 realizado por uma comiss\u00e3o distinta, o Comit\u00ea de Apela\u00e7\u00f5es, na Inglaterra. Depois desta etapa, as partes envolvidas podem entrar com um recurso direcionado\u00a0\u00e0 Corte Arbitral do Esporte na Su\u00ed\u00e7a.\n<\/p>\n<h2>Quais as puni\u00e7\u00f5es Paquet\u00e1 pode enfrentar?<\/h2>\n<p>Caso seja considerado culpado, no melhor dos casos, Paquet\u00e1 pode pegar uma suspens\u00e3o longa. O jogador Bradley Wood, que teve caso similar ao que o brasileiro \u00e9 acusado, de for\u00e7ar cart\u00f5es amarelos para manipular apostas, recebeu um gancho de seis anos sem poder atuar.\n<\/p>\n<p>\u00a0<\/p>\n<p>O caso de Paquet\u00e1, por\u00e9m, \u00e9 considerado mais grave do que o de Wood, j\u00e1 que o jogador do West Ham e da Sele\u00e7\u00e3o Brasileira \u00e9 acusado de obstruir a investiga\u00e7\u00e3o.\n<\/p>\n<p>Caso seja considerado culpado, a FA deve pedir a internacionaliza\u00e7\u00e3o da pena, impedindo que Paquet\u00e1 atue no futebol em todos os pa\u00edses, n\u00e3o ficando restrito apenas \u00e0 Inglaterra.\n<\/p>\n<h2>Quais s\u00e3o as acusa\u00e7\u00f5es da FA contra Lucas Paquet\u00e1?<\/h2>\n<p>Lucas Paquet\u00e1 \u00e9 acusado de ter for\u00e7ado cart\u00f5es amarelos de forma proposital em jogos contra Leicester, Aston Villa, Leeds e Bournemouth, ocorridos entre novembro de 2022 e agosto de 2023.\n<\/p>\n<p>De acordo com informa\u00e7\u00f5es das investiga\u00e7\u00f5es, 60 pessoas no Brasil, na Ilha de Paquet\u00e1 (RJ), onde o jogador nasceu, apostaram que Lucas receberia cart\u00f5es amarelos nos jogos investigados, com apostas variando entre 7 e 400 libras (R$ 2.9 mil). Os ganhos totais chegaram a 100 mil libras (R$ 723 mil).\n<\/p>\n<p>Segundo o The Sun, a FA requisitou o celular de Paquet\u00e1 no ano passado para investigar o caso de apostas. A federa\u00e7\u00e3o devolveu o celular ao brasileiro ap\u00f3s dois meses, depois de analisar registro de chamadas, mensagens e movimenta\u00e7\u00f5es banc\u00e1rias.\n<\/p>\n<p>A federa\u00e7\u00e3o voltou a requisitar o aparelho, mas Paquet\u00e1 havia se livrado do objeto. Consequentemente, a FA acusa o jogador de obstruir a investiga\u00e7\u00e3o e acrescentou duas infra\u00e7\u00f5es agravadas por falta de coopera\u00e7\u00e3o no caso de apostas.<\/p>\n<h2>Apostas: o comunicado de Lucas Paquet\u00e1<\/h2>\n<p>O meia Lucas Paquet\u00e1, do West Ham e da Sele\u00e7\u00e3o Brasileira, divulgou um comunicado no dia 17 de outubro de 2024 em que alegou estar &#8220;chateado e frustrado&#8221; com a FA, a Federa\u00e7\u00e3o Inglesa de Futebol, na investiga\u00e7\u00e3o sobre um suposto esquema de apostas. O jogador nega as acusa\u00e7\u00f5es e afirma ser v\u00edtima de informa\u00e7\u00f5es falsas vazadas pelo \u00f3rg\u00e3o.\n<\/p>\n<p>\u00a0<\/p>\n<p>De acordo com informa\u00e7\u00f5es do jornal &#8220;The Sun&#8221;, Lucas Paquet\u00e1 recebeu duas novas acusa\u00e7\u00f5es por parte da FA, envolvendo o desaparecimento do celular do jogador. Veja mais detalhes abaixo.\n<\/p>\n<p>O comunicado divulgado por Lucas Paquet\u00e1 diz o seguinte:\n<\/p>\n<p><em>\u2013 Estou frustrado e chateado por ter lido artigos de imprensa enganosos e imprecisos recentes, publicados na Inglaterra e no Brasil, alegando divulgar informa\u00e7\u00f5es sobre o meu caso. Algumas dessas informa\u00e7\u00f5es s\u00e3o totalmente falsas e parecem destinadas a minar minha posi\u00e7\u00e3o. Tamb\u00e9m estou preocupado que, embora falsos e enganosos, esses artigos sejam claramente originados de um indiv\u00edduo pr\u00f3ximo ao caso. Os procedimentos da FA devem ser confidenciais e s\u00e3o extremamente s\u00e9rios para mim e minha fam\u00edlia. O vazamento e a publica\u00e7\u00e3o de informa\u00e7\u00f5es imprecisas na imprensa agora est\u00e3o colocando em risco a minha chance de receber uma audi\u00eancia justa. Portanto, instru\u00ed meus advogados a escrever para a FA para solicitar que conduzam uma investiga\u00e7\u00e3o completa sobre como as informa\u00e7\u00f5es sobre o caso, mesmo que imprecisas, est\u00e3o chegando ao dom\u00ednio p\u00fablico. Continuo negando as acusa\u00e7\u00f5es contra mim e estou ansioso para demonstrar minha inoc\u00eancia.<\/em><\/p>\n<p>Fonte: The Sporting News\n              <\/p>\n<\/div>\n<p><br \/>\n<br \/><a href=\"https:\/\/diariodobrasilnoticias.com.br\/noticia\/entenda-por-que-a-federacao-inglesa-esta-pedindo-que-paqueta-seja-banido-do-futebol-67aa1ee7ea55d\">Source link <\/a><\/p>","protected":false},"excerpt":{"rendered":"<p>A Federa\u00e7\u00e3o Inglesa (FA) afirmou nesta segunda-feira (10\/02) que ir\u00e1 pedir o banimento de Lucas Paquet\u00e1 do futebol profissional no julgamento que o atleta enfrentar\u00e1 em mar\u00e7o de 2025. Paquet\u00e1&hellip;<\/p>","protected":false},"author":1,"featured_media":101318,"comment_status":"closed","ping_status":"open","sticky":false,"template":"","format":"standard","meta":{"content-type":"","footnotes":""},"categories":[16],"tags":[123,2448,5313,1267],"class_list":["post-101317","post","type-post","status-publish","format-standard","has-post-thumbnail","hentry","category-noticias","tag-brasil","tag-diario","tag-noticia","tag-noticias"],"_links":{"self":[{"href":"https:\/\/tvbrazilusa.com\/pt\/wp-json\/wp\/v2\/posts\/101317","targetHints":{"allow":["GET"]}}],"collection":[{"href":"https:\/\/tvbrazilusa.com\/pt\/wp-json\/wp\/v2\/posts"}],"about":[{"href":"https:\/\/tvbrazilusa.com\/pt\/wp-json\/wp\/v2\/types\/post"}],"author":[{"embeddable":true,"href":"https:\/\/tvbrazilusa.com\/pt\/wp-json\/wp\/v2\/users\/1"}],"replies":[{"embeddable":true,"href":"https:\/\/tvbrazilusa.com\/pt\/wp-json\/wp\/v2\/comments?post=101317"}],"version-history":[{"count":1,"href":"https:\/\/tvbrazilusa.com\/pt\/wp-json\/wp\/v2\/posts\/101317\/revisions"}],"predecessor-version":[{"id":101319,"href":"https:\/\/tvbrazilusa.com\/pt\/wp-json\/wp\/v2\/posts\/101317\/revisions\/101319"}],"wp:featuredmedia":[{"embeddable":true,"href":"https:\/\/tvbrazilusa.com\/pt\/wp-json\/wp\/v2\/media\/101318"}],"wp:attachment":[{"href":"https:\/\/tvbrazilusa.com\/pt\/wp-json\/wp\/v2\/media?parent=101317"}],"wp:term":[{"taxonomy":"category","embeddable":true,"href":"https:\/\/tvbrazilusa.com\/pt\/wp-json\/wp\/v2\/categories?post=101317"},{"taxonomy":"post_tag","embeddable":true,"href":"https:\/\/tvbrazilusa.com\/pt\/wp-json\/wp\/v2\/tags?post=101317"}],"curies":[{"name":"wp","href":"https:\/\/api.w.org\/{rel}","templated":true}]}}