{"id":101331,"date":"2025-02-10T19:15:26","date_gmt":"2025-02-10T19:15:26","guid":{"rendered":"https:\/\/tvbrazilusa.com\/2025\/02\/10\/dino-derruba-pagamento-de-auxilio-alimentacao-para-juizes-de-mg\/"},"modified":"2025-02-10T19:15:27","modified_gmt":"2025-02-10T19:15:27","slug":"dino-derruba-pagamento-de-auxilio-alimentacao-para-juizes-de-mg","status":"publish","type":"post","link":"https:\/\/tvbrazilusa.com\/pt\/2025\/02\/10\/dino-derruba-pagamento-de-auxilio-alimentacao-para-juizes-de-mg\/","title":{"rendered":"Dino derruba pagamento de aux\u00edlio-alimenta\u00e7\u00e3o para ju\u00edzes de MG"},"content":{"rendered":"<p> <script async src=\"https:\/\/pagead2.googlesyndication.com\/pagead\/js\/adsbygoogle.js?client=ca-pub-8864793242727901\"\r\n     crossorigin=\"anonymous\"><\/script><br \/>\n<\/p>\n<div id=\"taboola-read-more\" style=\"display:block; width:100%\">\n<p>O ministro Fl\u00e1vio Dino, do STF, derrubou decis\u00e3o da Segunda Turma Recursal dos Juizados Especiais de Minas Gerais que reconhecia o direito do ex-juiz federal Daniel de Carvalho Guimar\u00e3es a receber aux\u00edlio-alimenta\u00e7\u00e3o retroativamente e condenava a Uni\u00e3o a pag\u00e1-lo.\n<\/p>\n<p>O autor da a\u00e7\u00e3o que reivindica o pagamento \u00e9 Daniel de Carvalho Guimar\u00e3es, subprocurador-geral do Minist\u00e9rio P\u00fablico de Contas mineiro.<\/p>\n<p>Ele se baseia em uma resolu\u00e7\u00e3o de 2011 do Conselho Nacional de Justi\u00e7a (CNJ) e no argumento de que existe \u201csimetria constitucional\u201d que garantiria \u00e0 magistratura os mesmos direitos e vantagens do Minist\u00e9rio P\u00fablico.\n<\/p>\n<p>Dino acatou um recurso da Advocacia-Geral da Uni\u00e3o (AGU), que contesta o direito do ex-magistrado aos valores. A condena\u00e7\u00e3o derrubada pelo ministro do STF abria caminho para todos os ju\u00edzes e ex-ju\u00edzes exigirem o aux\u00edlio.\n<\/p>\n<p>\u201cHoje \u00e9 rigorosamente imposs\u00edvel algu\u00e9m identificar qual o teto efetivamente observado, quais parcelas s\u00e3o pagas e se realmente s\u00e3o indenizat\u00f3rias, tal \u00e9 a multiplicidade de pagamentos, com as mais variadas raz\u00f5es enunciadas\u201d, escreve Dino.\n<\/p>\n<p>Na decis\u00e3o, o ministro do STF diz que n\u00e3o h\u00e1 na norma do CNJ usada como fundamento para a reivindica\u00e7\u00e3o qualquer previs\u00e3o quanto a \u201catrasados\u201d anteriores a 2011, quando ela foi publicada.\n<\/p>\n<p>\u201cAssim, uma decis\u00e3o judicial que determina tal pagamento viola a S\u00famula Vinculante n\u00ba 37 do STF, na medida em que a fonte normativa (o CNJ) n\u00e3o determinou essa retroatividade na citada resolu\u00e7\u00e3o\u201d, acrescenta Dino.\n<\/p>\n<p>Ele tamb\u00e9m afirma que a orienta\u00e7\u00e3o para seguir a Lei Org\u00e2nica da Magistratura Nacional \u00e9 \u201cfundamental para evitar abusos, como rotineiramente tem sido noticiado acerca de pagamentos denominados de \u2018super-sal\u00e1rios\u2019 (sic)\u201d.\n<\/p>\n<p>Fonte: Veja              <\/p>\n<\/div>\n<p><br \/>\n<br \/><a href=\"https:\/\/diariodobrasilnoticias.com.br\/noticia\/dino-derruba-pagamento-de-auxilio-alimentacao-para-juizes-de-mg-67aa38b205388\">Source link <\/a><\/p>","protected":false},"excerpt":{"rendered":"<p>O ministro Fl\u00e1vio Dino, do STF, derrubou decis\u00e3o da Segunda Turma Recursal dos Juizados Especiais de Minas Gerais que reconhecia o direito do ex-juiz federal Daniel de Carvalho Guimar\u00e3es a&hellip;<\/p>","protected":false},"author":1,"featured_media":101332,"comment_status":"closed","ping_status":"open","sticky":false,"template":"","format":"standard","meta":{"content-type":"","footnotes":""},"categories":[16],"tags":[123,2448,5313,1267],"class_list":["post-101331","post","type-post","status-publish","format-standard","has-post-thumbnail","hentry","category-noticias","tag-brasil","tag-diario","tag-noticia","tag-noticias"],"_links":{"self":[{"href":"https:\/\/tvbrazilusa.com\/pt\/wp-json\/wp\/v2\/posts\/101331","targetHints":{"allow":["GET"]}}],"collection":[{"href":"https:\/\/tvbrazilusa.com\/pt\/wp-json\/wp\/v2\/posts"}],"about":[{"href":"https:\/\/tvbrazilusa.com\/pt\/wp-json\/wp\/v2\/types\/post"}],"author":[{"embeddable":true,"href":"https:\/\/tvbrazilusa.com\/pt\/wp-json\/wp\/v2\/users\/1"}],"replies":[{"embeddable":true,"href":"https:\/\/tvbrazilusa.com\/pt\/wp-json\/wp\/v2\/comments?post=101331"}],"version-history":[{"count":1,"href":"https:\/\/tvbrazilusa.com\/pt\/wp-json\/wp\/v2\/posts\/101331\/revisions"}],"predecessor-version":[{"id":101333,"href":"https:\/\/tvbrazilusa.com\/pt\/wp-json\/wp\/v2\/posts\/101331\/revisions\/101333"}],"wp:featuredmedia":[{"embeddable":true,"href":"https:\/\/tvbrazilusa.com\/pt\/wp-json\/wp\/v2\/media\/101332"}],"wp:attachment":[{"href":"https:\/\/tvbrazilusa.com\/pt\/wp-json\/wp\/v2\/media?parent=101331"}],"wp:term":[{"taxonomy":"category","embeddable":true,"href":"https:\/\/tvbrazilusa.com\/pt\/wp-json\/wp\/v2\/categories?post=101331"},{"taxonomy":"post_tag","embeddable":true,"href":"https:\/\/tvbrazilusa.com\/pt\/wp-json\/wp\/v2\/tags?post=101331"}],"curies":[{"name":"wp","href":"https:\/\/api.w.org\/{rel}","templated":true}]}}