{"id":101334,"date":"2025-02-10T19:27:13","date_gmt":"2025-02-10T19:27:13","guid":{"rendered":"https:\/\/tvbrazilusa.com\/2025\/02\/10\/passageiro-frustrado-por-perder-o-voo-causa-danos-no-aeroporto-agride-um-trabalhador-e-escapa-do-local\/"},"modified":"2025-02-10T19:27:15","modified_gmt":"2025-02-10T19:27:15","slug":"passageiro-frustrado-por-perder-o-voo-causa-danos-no-aeroporto-agride-um-trabalhador-e-escapa-do-local","status":"publish","type":"post","link":"https:\/\/tvbrazilusa.com\/pt\/2025\/02\/10\/passageiro-frustrado-por-perder-o-voo-causa-danos-no-aeroporto-agride-um-trabalhador-e-escapa-do-local\/","title":{"rendered":"Passageiro, frustrado por perder o voo, causa danos no aeroporto, agride um trabalhador e escapa do local"},"content":{"rendered":"<p> <script async src=\"https:\/\/pagead2.googlesyndication.com\/pagead\/js\/adsbygoogle.js?client=ca-pub-8864793242727901\"\r\n     crossorigin=\"anonymous\"><\/script><br \/>\n<\/p>\n<div id=\"taboola-read-more\" style=\"display:block; width:100%\">\n<p>Um passageiro da Voepass, identificado como Andr\u00e9 Okchstein Burlamaqui, agrediu um funcion\u00e1rio de uma companhia a\u00e9rea com um soco na boca ap\u00f3s ter seu embarque impedido por atraso no aeroporto de Pelotas, Rio Grande do Sul, na manh\u00e3 desse domingo (9\/2). Ele tamb\u00e9m vandalizou a estrutura do aeroporto.\n<\/p>\n<p>A reportagem apurou que o passageiro estava acompanhado da fam\u00edlia e, ao tentar embarcar, foi impedido por estar atrasado. Ap\u00f3s se sentar com a fam\u00edlia e aguardar, ele adotou uma atitude agressiva e atacou um colaborador da companhia, segundos depois de ser negada a entrada dele e de sua fam\u00edlia.<\/p>\n<p>A Brigada Militar foi acionada para conter o homem, que agrediu o funcion\u00e1rio e come\u00e7ou a depredar a estrutura do aeroporto.\n<\/p>\n<p>Andr\u00e9 quebrou a porta de vidro do local ao ir embora e amea\u00e7ou os funcion\u00e1rios, dizendo que voltaria armado ao local.\n<\/p>\n<p>De acordo com a nota do Aeroporto de Pelotas, o passageiro \u201cchegou ap\u00f3s o hor\u00e1rio limite de embarque e, por isso, foi impedido de acessar a aeronave\u201d.\n<\/p>\n<p>\u201cEle reagiu de forma agressiva, atacando fisicamente um colaborador da companhia e causando danos materiais \u00e0 estrutura do aeroporto\u201d, informou o aeroporto.\n<\/p>\n<\/p>\n<p><img decoding=\"async\" src=\"https:\/\/fly.metroimg.com\/upload\/q_85,w_1200\/https:\/\/uploads.metroimg.com\/wp-content\/uploads\/2025\/02\/10132854\/Aeroporto-de-PelotAS-2.jpg\" alt=\"\" width=\"100%\"\/>\n<\/p>\n<p><img decoding=\"async\" src=\"https:\/\/fly.metroimg.com\/upload\/q_85,w_1200\/https:\/\/uploads.metroimg.com\/wp-content\/uploads\/2025\/02\/10132857\/Aeroporto-de-Pelotas-3.jpg\" alt=\"\" width=\"100%\"\/>\n<\/p>\n<p style=\"text-align: center;\"><em>Fotos: Reprodu\u00e7\u00e3o\/Tv Globo<\/em>\n<\/p>\n<p>A empresa informou ainda que o funcion\u00e1rio agredido pelo passageiro recebeu atendimento m\u00e9dico e passa bem. Ap\u00f3s o ocorrido, o agressor deixou o aeroporto acompanhado da fam\u00edlia.\n<\/p>\n<p>A pol\u00edcia civil est\u00e1 investigando o caso.\n<\/p>\n<p>Fonte: Metr\u00f3poles              <\/p>\n<\/div>\n<p><br \/>\n<br \/><a href=\"https:\/\/diariodobrasilnoticias.com.br\/noticia\/passageiro-frustrado-por-perder-o-voo-causa-danos-no-aeroporto-agride-um-trabalhador-e-escapa-do-local-67aa3f1d84cb0\">Source link <\/a><\/p>","protected":false},"excerpt":{"rendered":"<p>Um passageiro da Voepass, identificado como Andr\u00e9 Okchstein Burlamaqui, agrediu um funcion\u00e1rio de uma companhia a\u00e9rea com um soco na boca ap\u00f3s ter seu embarque impedido por atraso no aeroporto&hellip;<\/p>","protected":false},"author":1,"featured_media":101335,"comment_status":"closed","ping_status":"open","sticky":false,"template":"","format":"standard","meta":{"content-type":"","footnotes":""},"categories":[16],"tags":[123,2448,5313,1267],"class_list":["post-101334","post","type-post","status-publish","format-standard","has-post-thumbnail","hentry","category-noticias","tag-brasil","tag-diario","tag-noticia","tag-noticias"],"_links":{"self":[{"href":"https:\/\/tvbrazilusa.com\/pt\/wp-json\/wp\/v2\/posts\/101334","targetHints":{"allow":["GET"]}}],"collection":[{"href":"https:\/\/tvbrazilusa.com\/pt\/wp-json\/wp\/v2\/posts"}],"about":[{"href":"https:\/\/tvbrazilusa.com\/pt\/wp-json\/wp\/v2\/types\/post"}],"author":[{"embeddable":true,"href":"https:\/\/tvbrazilusa.com\/pt\/wp-json\/wp\/v2\/users\/1"}],"replies":[{"embeddable":true,"href":"https:\/\/tvbrazilusa.com\/pt\/wp-json\/wp\/v2\/comments?post=101334"}],"version-history":[{"count":1,"href":"https:\/\/tvbrazilusa.com\/pt\/wp-json\/wp\/v2\/posts\/101334\/revisions"}],"predecessor-version":[{"id":101336,"href":"https:\/\/tvbrazilusa.com\/pt\/wp-json\/wp\/v2\/posts\/101334\/revisions\/101336"}],"wp:featuredmedia":[{"embeddable":true,"href":"https:\/\/tvbrazilusa.com\/pt\/wp-json\/wp\/v2\/media\/101335"}],"wp:attachment":[{"href":"https:\/\/tvbrazilusa.com\/pt\/wp-json\/wp\/v2\/media?parent=101334"}],"wp:term":[{"taxonomy":"category","embeddable":true,"href":"https:\/\/tvbrazilusa.com\/pt\/wp-json\/wp\/v2\/categories?post=101334"},{"taxonomy":"post_tag","embeddable":true,"href":"https:\/\/tvbrazilusa.com\/pt\/wp-json\/wp\/v2\/tags?post=101334"}],"curies":[{"name":"wp","href":"https:\/\/api.w.org\/{rel}","templated":true}]}}