{"id":101340,"date":"2025-02-10T19:36:20","date_gmt":"2025-02-10T19:36:20","guid":{"rendered":"https:\/\/tvbrazilusa.com\/2025\/02\/10\/a-ressurreicao-do-centro-de-jacksonville-esta-em-andamento-diz-city-jacksonville-hoje\/"},"modified":"2025-02-10T19:43:22","modified_gmt":"2025-02-10T19:43:22","slug":"a-ressurreicao-do-centro-de-jacksonville-esta-em-andamento-diz-city-jacksonville-hoje","status":"publish","type":"post","link":"https:\/\/tvbrazilusa.com\/pt\/2025\/02\/10\/a-ressurreicao-do-centro-de-jacksonville-esta-em-andamento-diz-city-jacksonville-hoje\/","title":{"rendered":"A ressurrei\u00e7\u00e3o do centro de Jacksonville est\u00e1 em andamento, diz City | Jacksonville hoje"},"content":{"rendered":"<p> <script async src=\"https:\/\/pagead2.googlesyndication.com\/pagead\/js\/adsbygoogle.js?client=ca-pub-8864793242727901\"\r\n     crossorigin=\"anonymous\"><\/script><br \/>\n<\/p>\n<div>\n<p>O primeiro de uma s\u00e9rie de novos parques do rio no centro do rio ao longo do rio St. Johns deve ser inaugurado at\u00e9 o final deste ano, um sinal de que o ressurgimento do centro da cidade come\u00e7ou, disseram autoridades da cidade na segunda -feira.<\/p>\n<p>\u00c0 medida que os trabalhadores da constru\u00e7\u00e3o continuam construindo a Plaza Riverfront, os l\u00edderes da cidade disseram que a segunda fase do parque come\u00e7ar\u00e1 assim que a primeira parte for conclu\u00edda. Os planos est\u00e3o cristalizando em um hotel e edif\u00edcio residencial no East Side, na Ponte da Main Street.<\/p>\n<p>Riverfront Plaza \u00e9 um dos v\u00e1rios projetos que as autoridades da cidade mantiveram na segunda -feira, como sinais de que a ressurrei\u00e7\u00e3o do centro da cidade est\u00e1 progredindo ap\u00f3s d\u00e9cadas de estagna\u00e7\u00e3o.<\/p>\n<p>&#8220;Depois de anos realmente sentindo que estamos presos quando se trata desse tipo de progresso, os guindastes no ar s\u00e3o o que adoramos ver e temos guindastes subindo em todo o lugar&#8221;, disse a prefeita Donna Deegan em entrevista coletiva Perto do futuro caf\u00e9 do Riverfront Plaza.<\/p>\n<p>Deegan anunciou uma nova campanha e site da cidade, <a href=\"https:\/\/www.jacksonville.gov\/idigjax\" rel=\"nofollow noopener\" target=\"_blank\">Eu cavo Jax<\/a>para ajudar a manter os cidad\u00e3os atualizados sobre o escopo e o progresso de todos os projetos pendentes da cidade. <\/p>\n<p>\u201c\u00c9 dif\u00edcil para todos saber tudo o que est\u00e1 acontecendo, a menos que mostre o que est\u00e1 acontecendo, disse Deegan. \u201cEnt\u00e3o &#8216;eu cavo Jax&#8217; conta essa hist\u00f3ria, e a hist\u00f3ria de sujeira e pessoas ficando empolgadas com a cidade \u00e0 medida que crescemos. \u00c9 realmente disso que se trata. \u201d<\/p>\n<p>Enquanto o equipamento rolava nas proximidades, o membro do Conselho da Cidade, Jimmy Peluso, disse que &#8220;dezenas de guindastes&#8221; em breve encher\u00e3o o c\u00e9u do centro da cidade, \u00e0 medida que o investimento no n\u00facleo urbano resulta na crescente constru\u00e7\u00e3o de rios.<\/p>\n<p>\u201cExistem opositores, se voc\u00ea n\u00e3o prestou aten\u00e7\u00e3o, que dizem que o centro da cidade n\u00e3o pode fazer isso; Downtown est\u00e1 morto \u201d, disse Peluso. \u201cDepois que eles come\u00e7am a ver esses guindastes na \u00e1rea e, uma vez que percebem que o site &#8216;I Dig Jax\u201d mostra todos esses grandes projetos, eles ver\u00e3o que seus d\u00f3lares dos contribuintes est\u00e3o indo para o que eles est\u00e3o reclamando h\u00e1 d\u00e9cadas, do que \u00e9 que finalmente estamos investindo em nosso centro e finalmente estamos trazendo pessoas para o centro da cidade. \u201d<\/p>\n<h3 class=\"wp-block-heading\">Vis\u00e3o do centro da cidade<\/h3>\n<p>A Riverfront Plaza est\u00e1 subindo no local do antigo Landing de Jacksonville em Independent Drive, o primeiro de uma s\u00e9rie de parques e outras comodidades planejadas para a beira do rio St. Johns. A cidade tamb\u00e9m tem planos para espa\u00e7os gramados que j\u00e1 mantiveram o ex -tribunal e a prefeitura, bem como os estaleiros em frente \u00e0 Maxwell House.<\/p>\n<p>O trabalho come\u00e7ou em meados de 2024 para realinhar parte do impulso independente para abrir espa\u00e7o para <a href=\"https:\/\/news.wjct.org\/first-coast\/2023-07-11\/dirt-is-dug-as-phase-i-of-jacksonvilles-new-downtown-park-finally-begins\" rel=\"nofollow noopener\" target=\"_blank\">Riverfront Plaza<\/a>que inclui uma antepara mais resistente a inunda\u00e7\u00f5es, playground infantil e um caf\u00e9 com jardim na cobertura.<\/p>\n<figure class=\"wp-block-image size-large\"><figcaption class=\"wp-element-caption\">Os p\u00f4steres que ilustram a Fase 1 do Riverfront Plaza tamb\u00e9m possuem o site e o c\u00f3digo QR do novo site &#8220;I Dig Jax&#8221;, com atualiza\u00e7\u00f5es em todos os parques do centro de rios. | Dan Scanlan, Jacksonville hoje<\/figcaption><\/figure>\n<p>A primeira fase come\u00e7ou com o <a href=\"https:\/\/news.wjct.org\/first-coast\/2023-07-10\/downtown-jacksonville-construction-means-multiple-road-closures-this-week-and-beyond\" rel=\"nofollow noopener\" target=\"_blank\">Fechamento de algumas ruas do centro<\/a>. E na semana seguinte, partes das ruas Forsyth e Adams ser\u00e3o fechadas para o ressurgimento, disse Lori Boyer, CEO da Autoridade de Investimentos do Downtown.<\/p>\n<p>&#8220;Depois que o ressurgimento e a reestrutura s\u00e3o conclu\u00eddos, essas ruas se converter\u00e3o em duas vias&#8221;, disse Boyer. &#8220;Essa mudan\u00e7a levar\u00e1 um pouco de ajuste e paci\u00eancia, mas acabar\u00e1 beneficiando o varejo de rua, tornar\u00e1 o centro mais acess\u00edvel e demonstrou aumentar os valores das propriedades&#8221;.<\/p>\n<p>Parte da Hogan Street se tornar\u00e1 uma pra\u00e7a de pedestres conectando diretamente o centro de artes c\u00eanicas ao parque, disse ela.<\/p>\n<p>A segunda fase do Plaza foi projetada, concentrando -se no lado leste, com uma rampa para pedestres da Ponte da Rua Main e um jardim de cerveja embaixo dela. Os planos continuam para um hotel e uma torre residencial na esquina nordeste do rio Plaza, uma proposta que o Conselho do DIA considerar\u00e1 em breve, disse Boyer.<\/p>\n<p>Ao adicionar unidades de hot\u00e9is, a cidade pode adicionar uma sobretaxa de sala para obter receita para ajudar a manter o parque, disse ela. Outras mudan\u00e7as est\u00e3o em andamento para um edif\u00edcio que seria limitado a 17 andares, disse ela.<\/p>\n<p>&#8220;Possui uma pra\u00e7a p\u00fablica de 5.000 p\u00e9s quadrados com vista para o parque do topo da garagem&#8221;, disse Boyer. &#8220;Todo o espa\u00e7o no topo da garagem \u00e9 restaurante e espa\u00e7o que podem se derramar para esta pra\u00e7a, e a pra\u00e7a essencialmente oferece assentos ao ar livre para as pessoas tamb\u00e9m apreciam o parque e as vistas do rio&#8221;.<\/p>\n<figure class=\"wp-block-image size-large\"><img loading=\"lazy\" color=\"7f7368\" transparency=\"false\" style=\"--dominant-color: #7f7368;\" decoding=\"async\" width=\"1024\" height=\"576\" src=\"https:\/\/jaxtoday.org\/wp-content\/uploads\/2025\/02\/20250210_100450-1024x576.jpg\" alt=\"\" class=\"not-transparent wp-image-87395\" srcset=\"https:\/\/jaxtoday.org\/wp-content\/uploads\/2025\/02\/20250210_100450-1024x576.jpg 1024w, https:\/\/jaxtoday.org\/wp-content\/uploads\/2025\/02\/20250210_100450-300x169.jpg 300w, https:\/\/jaxtoday.org\/wp-content\/uploads\/2025\/02\/20250210_100450-768x432.jpg 768w, https:\/\/jaxtoday.org\/wp-content\/uploads\/2025\/02\/20250210_100450-1536x864.jpg 1536w, https:\/\/jaxtoday.org\/wp-content\/uploads\/2025\/02\/20250210_100450-2048x1152.jpg 2048w, https:\/\/jaxtoday.org\/wp-content\/uploads\/2025\/02\/20250210_100450-800x450.jpg 800w, https:\/\/jaxtoday.org\/wp-content\/uploads\/2025\/02\/20250210_100450-1200x675.jpg 1200w, https:\/\/jaxtoday.org\/wp-content\/uploads\/2025\/02\/20250210_100450-427x240.jpg 427w, https:\/\/jaxtoday.org\/wp-content\/uploads\/2025\/02\/20250210_100450-100x56.jpg 100w, https:\/\/jaxtoday.org\/wp-content\/uploads\/2025\/02\/20250210_100450-1650x928.jpg 1650w\" sizes=\"auto, (max-width: 1024px) 100vw, 1024px\"\/><figcaption class=\"wp-element-caption\">A prefeita Donna Deegan se juntou a Lori Boyer, \u00e0 esquerda, CEO da Downtown Investment Authority e de outras autoridades da cidade para atualizar os moradores no desenvolvimento da orla do centro da cidade. | Dan Scanlan, Jacksonville hoje<\/figcaption><\/figure>\n<p>Entre outros projetos:<\/p>\n<p><strong>Parque Metropolitano:<\/strong> O design final est\u00e1 em andamento em um <a href=\"https:\/\/jaxtoday.org\/2024\/12\/18\/metropolitan-park-final-design-2\/\">redesenho do parque metropolitano<\/a> No extremo leste do centro, enquanto a constru\u00e7\u00e3o continua. Os planos detalhados de engenharia e paisagem devem ser feitos no final deste ano para revis\u00e3o da cidade e depois a constru\u00e7\u00e3o at\u00e9 2026, disseram autoridades da cidade.<\/p>\n<p><strong>Quatro esta\u00e7\u00f5es:<\/strong> Ao lado do parque, a constru\u00e7\u00e3o continua em frente ao Everbank Stadium, em um hotel e um pr\u00e9dio de quatro esta\u00e7\u00f5es, al\u00e9m de uma marina da cidade expandida e um pr\u00e9dio de apoio.<\/p>\n<p><strong>Jacksonville Performing Arts Center:<\/strong> UM <a href=\"https:\/\/dtjax.com\/poi\/performing-arts-center-music-commons\/\" rel=\"nofollow noopener\" target=\"_blank\">Music Heritage Garden<\/a> Na orla do Jacksonville Performing Arts Center, na 300 Water St., deve ser feita no final deste ano.<\/p>\n<p><strong>Fonte de amizade: <\/strong>A segunda fase do redesenho da Fountain Fountain, com um parque de brincadeiras com tema de hist\u00f3ria, banheiros, um local de casamento e jardins interpretativos, est\u00e1 em constru\u00e7\u00e3o com uma data de conclus\u00e3o do final de 2025.<\/p>\n<p><strong>Estaleiros West:<\/strong> O design final deve ser feito ainda este ano para o West Park, de 10 acres, entre o USS Orleck Museum e o Hogan&#8217;s Creek. Constru\u00e7\u00e3o para come\u00e7ar no pr\u00f3ximo ano.<\/p>\n<p><strong>Mosh:<\/strong> O trabalho deve come\u00e7ar no final deste ano perto de l\u00e1 para os novos 130.000 p\u00e9s quadrados <a href=\"https:\/\/jaxtoday.org\/2025\/01\/30\/new-mosh-exhibit-mindworks-gets-inside-your-head\/\">Museu de Ci\u00eancia e Hist\u00f3ria<\/a> Em 2,5 acres dos estaleiros ao longo da East Bay Street, disseram autoridades de Mosh na semana passada.<\/p>\n<\/div>\n<p><br \/>\n<br \/><a href=\"https:\/\/jaxtoday.org\/2025\/02\/10\/downtowns-development-progress\/\">Source link <\/a><\/p>","protected":false},"excerpt":{"rendered":"<p>O primeiro de uma s\u00e9rie de novos parques do rio no centro do rio ao longo do rio St. Johns deve ser inaugurado at\u00e9 o final deste ano, um sinal&hellip;<\/p>","protected":false},"author":1,"featured_media":101341,"comment_status":"closed","ping_status":"open","sticky":false,"template":"","format":"standard","meta":{"content-type":"","footnotes":""},"categories":[1],"tags":[],"class_list":["post-101340","post","type-post","status-publish","format-standard","has-post-thumbnail","hentry","category-uncategorized"],"_links":{"self":[{"href":"https:\/\/tvbrazilusa.com\/pt\/wp-json\/wp\/v2\/posts\/101340","targetHints":{"allow":["GET"]}}],"collection":[{"href":"https:\/\/tvbrazilusa.com\/pt\/wp-json\/wp\/v2\/posts"}],"about":[{"href":"https:\/\/tvbrazilusa.com\/pt\/wp-json\/wp\/v2\/types\/post"}],"author":[{"embeddable":true,"href":"https:\/\/tvbrazilusa.com\/pt\/wp-json\/wp\/v2\/users\/1"}],"replies":[{"embeddable":true,"href":"https:\/\/tvbrazilusa.com\/pt\/wp-json\/wp\/v2\/comments?post=101340"}],"version-history":[{"count":1,"href":"https:\/\/tvbrazilusa.com\/pt\/wp-json\/wp\/v2\/posts\/101340\/revisions"}],"predecessor-version":[{"id":101342,"href":"https:\/\/tvbrazilusa.com\/pt\/wp-json\/wp\/v2\/posts\/101340\/revisions\/101342"}],"wp:featuredmedia":[{"embeddable":true,"href":"https:\/\/tvbrazilusa.com\/pt\/wp-json\/wp\/v2\/media\/101341"}],"wp:attachment":[{"href":"https:\/\/tvbrazilusa.com\/pt\/wp-json\/wp\/v2\/media?parent=101340"}],"wp:term":[{"taxonomy":"category","embeddable":true,"href":"https:\/\/tvbrazilusa.com\/pt\/wp-json\/wp\/v2\/categories?post=101340"},{"taxonomy":"post_tag","embeddable":true,"href":"https:\/\/tvbrazilusa.com\/pt\/wp-json\/wp\/v2\/tags?post=101340"}],"curies":[{"name":"wp","href":"https:\/\/api.w.org\/{rel}","templated":true}]}}