{"id":101401,"date":"2025-02-10T22:45:22","date_gmt":"2025-02-10T22:45:22","guid":{"rendered":"https:\/\/tvbrazilusa.com\/2025\/02\/10\/urgente-correios-atrasam-salarios-de-funcionarios-veja-video\/"},"modified":"2025-02-10T22:45:23","modified_gmt":"2025-02-10T22:45:23","slug":"urgente-correios-atrasam-salarios-de-funcionarios-veja-video","status":"publish","type":"post","link":"https:\/\/tvbrazilusa.com\/pt\/2025\/02\/10\/urgente-correios-atrasam-salarios-de-funcionarios-veja-video\/","title":{"rendered":"URGENTE: Correios atrasam sal\u00e1rios de funcion\u00e1rios; VEJA V\u00cdDEO"},"content":{"rendered":"<p> <script async src=\"https:\/\/pagead2.googlesyndication.com\/pagead\/js\/adsbygoogle.js?client=ca-pub-8864793242727901\"\r\n     crossorigin=\"anonymous\"><\/script><br \/>\n<\/p>\n<div id=\"taboola-read-more\" style=\"display:block; width:100%\">\n<p>Os Correios est\u00e3o enfrentando uma crise que levou ao atraso no pagamento dos sal\u00e1rios de janeiro para parte dos seus funcion\u00e1rios, uma situa\u00e7\u00e3o in\u00e9dita desde 1969 quando o acordo trabalhista estabeleceu o pagamento no \u00faltimo dia \u00fatil do m\u00eas. Sob a administra\u00e7\u00e3o de Fabiano Silva dos Santos, a estatal registrou um preju\u00edzo recorde de R$ 3,2 bilh\u00f5es em 2024, o que, somado \u00e0 centraliza\u00e7\u00e3o dos servi\u00e7os de Recursos Humanos em Minas Gerais, resultou em falhas no sistema de pagamento e protestos em S\u00e3o Paulo, levando sindicatos a cogitarem a\u00e7\u00f5es judiciais contra a empresa.\n<\/p>\n<p><strong>ASSISTA:<\/strong><\/p>\n<p>Fonte: @brunozambelli.sp \/ Instagram              <\/p>\n<\/div>\n<p><br \/>\n<br \/><a href=\"https:\/\/diariodobrasilnoticias.com.br\/noticia\/urgente-correios-atrasam-salarios-de-funcionarios-veja-video-67aa6851906d9\">Source link <\/a><\/p>","protected":false},"excerpt":{"rendered":"<p>Os Correios est\u00e3o enfrentando uma crise que levou ao atraso no pagamento dos sal\u00e1rios de janeiro para parte dos seus funcion\u00e1rios, uma situa\u00e7\u00e3o in\u00e9dita desde 1969 quando o acordo trabalhista&hellip;<\/p>","protected":false},"author":1,"featured_media":101402,"comment_status":"closed","ping_status":"open","sticky":false,"template":"","format":"standard","meta":{"content-type":"","footnotes":""},"categories":[16],"tags":[123,2448,5313,1267],"class_list":["post-101401","post","type-post","status-publish","format-standard","has-post-thumbnail","hentry","category-noticias","tag-brasil","tag-diario","tag-noticia","tag-noticias"],"_links":{"self":[{"href":"https:\/\/tvbrazilusa.com\/pt\/wp-json\/wp\/v2\/posts\/101401","targetHints":{"allow":["GET"]}}],"collection":[{"href":"https:\/\/tvbrazilusa.com\/pt\/wp-json\/wp\/v2\/posts"}],"about":[{"href":"https:\/\/tvbrazilusa.com\/pt\/wp-json\/wp\/v2\/types\/post"}],"author":[{"embeddable":true,"href":"https:\/\/tvbrazilusa.com\/pt\/wp-json\/wp\/v2\/users\/1"}],"replies":[{"embeddable":true,"href":"https:\/\/tvbrazilusa.com\/pt\/wp-json\/wp\/v2\/comments?post=101401"}],"version-history":[{"count":1,"href":"https:\/\/tvbrazilusa.com\/pt\/wp-json\/wp\/v2\/posts\/101401\/revisions"}],"predecessor-version":[{"id":101403,"href":"https:\/\/tvbrazilusa.com\/pt\/wp-json\/wp\/v2\/posts\/101401\/revisions\/101403"}],"wp:featuredmedia":[{"embeddable":true,"href":"https:\/\/tvbrazilusa.com\/pt\/wp-json\/wp\/v2\/media\/101402"}],"wp:attachment":[{"href":"https:\/\/tvbrazilusa.com\/pt\/wp-json\/wp\/v2\/media?parent=101401"}],"wp:term":[{"taxonomy":"category","embeddable":true,"href":"https:\/\/tvbrazilusa.com\/pt\/wp-json\/wp\/v2\/categories?post=101401"},{"taxonomy":"post_tag","embeddable":true,"href":"https:\/\/tvbrazilusa.com\/pt\/wp-json\/wp\/v2\/tags?post=101401"}],"curies":[{"name":"wp","href":"https:\/\/api.w.org\/{rel}","templated":true}]}}