{"id":101412,"date":"2025-02-10T23:23:29","date_gmt":"2025-02-10T23:23:29","guid":{"rendered":"https:\/\/tvbrazilusa.com\/2025\/02\/10\/perfis-bloqueados-por-moraes-sao-novamente-ativados-surpresa-ocorre-com-um-detalhe\/"},"modified":"2025-02-10T23:23:30","modified_gmt":"2025-02-10T23:23:30","slug":"perfis-bloqueados-por-moraes-sao-novamente-ativados-surpresa-ocorre-com-um-detalhe","status":"publish","type":"post","link":"https:\/\/tvbrazilusa.com\/pt\/2025\/02\/10\/perfis-bloqueados-por-moraes-sao-novamente-ativados-surpresa-ocorre-com-um-detalhe\/","title":{"rendered":"Perfis bloqueados por Moraes s\u00e3o novamente ativados; surpresa ocorre com um detalhe"},"content":{"rendered":"<p> <script async src=\"https:\/\/pagead2.googlesyndication.com\/pagead\/js\/adsbygoogle.js?client=ca-pub-8864793242727901\"\r\n     crossorigin=\"anonymous\"><\/script><br \/>\n<\/p>\n<div id=\"taboola-read-more\" style=\"display:block; width:100%\">\n<p>Alguns perfis de redes sociais bloqueados pelo ministro Alexandre de Moraes, do Supremo Tribunal Federal (STF), foram desbloqueados nos \u00faltimos dias, \u00e0s v\u00e9speras da visita da Relatoria Especial para a Liberdade de Express\u00e3o (RELE) da Comiss\u00e3o Interamericana de Direitos Humanos (CIDH) ao Brasil.\n<\/p>\n<p>A comiss\u00e3o chegou em solo brasileiro neste domingo (9) e est\u00e1 programada para permanecer at\u00e9 a pr\u00f3xima sexta-feira (14). A miss\u00e3o analisar\u00e1 a situa\u00e7\u00e3o da liberdade de express\u00e3o no pa\u00eds e passar\u00e1 por Bras\u00edlia, Rio de Janeiro e S\u00e3o Paulo<\/p>\n<p>Perfis de presos do 8 de janeiro nas redes sociais voltaram a funcionar, por\u00e9m com medidas cautelares sob multa de at\u00e9 R$ 20 mil em caso de descumprimento.\n<\/p>\n<p>A influenciadora Fl\u00e1via Magalh\u00e3es, brasileira, que mora nos Estados Unidos, teve suas contas suspensas em 2023, bem como seu passaporte; ela disse que voltou a ter acesso aos perfis.\n<\/p>\n<p>Na \u00faltima sexta-feira (7), Alexandre de Moraes determinou o desbloqueio das contas do influenciador Bruno Aiub, conhecido como Monark, nas redes sociais. A decis\u00e3o ocorreu ap\u00f3s avan\u00e7os nas investiga\u00e7\u00f5es que levaram \u00e0 restri\u00e7\u00e3o de seus perfis no ano passado.\n<\/p>\n<p>Especialista em liberdade de express\u00e3o, Andr\u00e9 Marsiglia n\u00e3o acha que h\u00e1 rela\u00e7\u00e3o entre os desbloqueios de perfis e a visita da CIDH.\n<\/p>\n<p>\u2013 N\u00e3o consigo acreditar que est\u00e3o com medo da visita da CIDH ou que houve algum acordo oculto, uma esp\u00e9cie de \u201canistia de gabinete\u201d \u2013 escreveu nas redes sociais.\n<\/p>\n<p>E exemplificou:\n<\/p>\n<p>\u2013 Se fosse o caso, relaxariam pris\u00f5es abusivas como a de Daniel Silveira e liberariam contas financeiras como a de Constantino. Mais do que reativar perfis, cuidariam de casos graves como os mencionados e, acima de tudo, trancariam as investiga\u00e7\u00f5es sobre os donos dos perfis.\n<\/p>\n<p>O advogado constata que n\u00e3o se trata de uma revoga\u00e7\u00e3o da censura.\n<\/p>\n<p>\u2013 Tomara que eu esteja errado, mas o pa\u00eds construiu uma estrutura s\u00f3lida de censura que n\u00e3o se desfaz da noite para o dia. O \u201cefeito Trump\u201d poder\u00e1 ser relevante no desmantelamento da estrutura, mas, a meu ver, \u00e9 ing\u00eanuo crer que ser\u00e1 instant\u00e2neo \u2013 disse.\n<\/p>\n<p>Fonte: Pleno News              <\/p>\n<\/div>\n<p><br \/>\n<br \/><a href=\"https:\/\/diariodobrasilnoticias.com.br\/noticia\/perfis-bloqueados-por-moraes-sao-novamente-ativados-surpresa-ocorre-com-um-detalhe-67aa6c1f67849\">Source link <\/a><\/p>","protected":false},"excerpt":{"rendered":"<p>Alguns perfis de redes sociais bloqueados pelo ministro Alexandre de Moraes, do Supremo Tribunal Federal (STF), foram desbloqueados nos \u00faltimos dias, \u00e0s v\u00e9speras da visita da Relatoria Especial para a&hellip;<\/p>","protected":false},"author":1,"featured_media":101413,"comment_status":"closed","ping_status":"open","sticky":false,"template":"","format":"standard","meta":{"content-type":"","footnotes":""},"categories":[16],"tags":[123,2448,5313,1267],"class_list":["post-101412","post","type-post","status-publish","format-standard","has-post-thumbnail","hentry","category-noticias","tag-brasil","tag-diario","tag-noticia","tag-noticias"],"_links":{"self":[{"href":"https:\/\/tvbrazilusa.com\/pt\/wp-json\/wp\/v2\/posts\/101412","targetHints":{"allow":["GET"]}}],"collection":[{"href":"https:\/\/tvbrazilusa.com\/pt\/wp-json\/wp\/v2\/posts"}],"about":[{"href":"https:\/\/tvbrazilusa.com\/pt\/wp-json\/wp\/v2\/types\/post"}],"author":[{"embeddable":true,"href":"https:\/\/tvbrazilusa.com\/pt\/wp-json\/wp\/v2\/users\/1"}],"replies":[{"embeddable":true,"href":"https:\/\/tvbrazilusa.com\/pt\/wp-json\/wp\/v2\/comments?post=101412"}],"version-history":[{"count":1,"href":"https:\/\/tvbrazilusa.com\/pt\/wp-json\/wp\/v2\/posts\/101412\/revisions"}],"predecessor-version":[{"id":101414,"href":"https:\/\/tvbrazilusa.com\/pt\/wp-json\/wp\/v2\/posts\/101412\/revisions\/101414"}],"wp:featuredmedia":[{"embeddable":true,"href":"https:\/\/tvbrazilusa.com\/pt\/wp-json\/wp\/v2\/media\/101413"}],"wp:attachment":[{"href":"https:\/\/tvbrazilusa.com\/pt\/wp-json\/wp\/v2\/media?parent=101412"}],"wp:term":[{"taxonomy":"category","embeddable":true,"href":"https:\/\/tvbrazilusa.com\/pt\/wp-json\/wp\/v2\/categories?post=101412"},{"taxonomy":"post_tag","embeddable":true,"href":"https:\/\/tvbrazilusa.com\/pt\/wp-json\/wp\/v2\/tags?post=101412"}],"curies":[{"name":"wp","href":"https:\/\/api.w.org\/{rel}","templated":true}]}}