{"id":10142,"date":"2024-07-27T20:11:16","date_gmt":"2024-07-27T20:11:16","guid":{"rendered":"https:\/\/tvbrazilusa.com\/2024\/07\/27\/derrick-white-nao-tem-nenhum-problema-com-jaylen-brown-apos-reacao-a-decisao-da-lista-olimpica\/"},"modified":"2024-07-27T20:17:43","modified_gmt":"2024-07-27T20:17:43","slug":"derrick-white-nao-tem-nenhum-problema-com-jaylen-brown-apos-reacao-a-decisao-da-lista-olimpica","status":"publish","type":"post","link":"https:\/\/tvbrazilusa.com\/pt\/2024\/07\/27\/derrick-white-nao-tem-nenhum-problema-com-jaylen-brown-apos-reacao-a-decisao-da-lista-olimpica\/","title":{"rendered":"Derrick White n\u00e3o tem &#39;nenhum problema&#39; com Jaylen Brown ap\u00f3s rea\u00e7\u00e3o \u00e0 decis\u00e3o da lista ol\u00edmpica"},"content":{"rendered":"<p> <script async src=\"https:\/\/pagead2.googlesyndication.com\/pagead\/js\/adsbygoogle.js?client=ca-pub-8864793242727901\"\r\n     crossorigin=\"anonymous\"><\/script><br \/>\n<\/p>\n<div id=\"\">\n<header class=\"m-article-header m-article-header--standard\">\n\t\t\t\t\t\t\t\t\t\t\t\t<span id=\"article-header-primary-term\"><br \/>\n\t\t\t\t\t\t\t\t<a class=\"a-term a-term--primary\" href=\"https:\/\/www.boston.com\/tag\/boston-celtics\/\"><\/p>\n<p>\t\t\t\t\t\t\t\tCeltas\t\t\t\t\t\t\t\t<\/a><br \/>\n\t\t\t\t\t\t\t<\/span><\/p>\n<h2 class=\"m-article-header__sub-headline\">&#8220;Ele \u00e9 um \u00f3timo jogador e nunca tive nada de ruim a dizer sobre JB.&#8221;<\/h2>\n<figure class=\"a-photo m-article-header__photo\"><figcaption class=\"a-photo__caption\">\n<p>\tDerrick White n\u00e3o guarda rancor de Jaylen Brown por sua rea\u00e7\u00e3o \u00e0 decis\u00e3o da escala\u00e7\u00e3o do USA Basketball. <em> Barry Chin\/Equipe Globe<\/em>\t<\/figcaption><\/figure>\n<\/header>\n<p>Derrick White n\u00e3o guarda ressentimentos em rela\u00e7\u00e3o a Jaylen Brown por sua rea\u00e7\u00e3o quando o armador do Celtics foi nomeado para a sele\u00e7\u00e3o masculina de basquete dos Estados Unidos.<\/p>\n<p>Em uma entrevista com <em><a href=\"https:\/\/www.bostonglobe.com\/2024\/07\/27\/sports\/derrick-white-olympics\/\" target=\"_blank\" rel=\"noreferrer noopener\">Adam Himmelsbach, do Boston Globe<\/a><\/em>White compartilhou que Brown entrou em contato com ele para esclarecer as coisas depois que a estrela do Celtics demonstrou frustra\u00e7\u00e3o por n\u00e3o ter sido nomeada para a lista ol\u00edmpica.<\/p>\n<p>\u201cJaylen me ligou e eu disse, &#39;\u00c9, voc\u00ea n\u00e3o precisava me ligar. Eu sei que estamos bem&#39;\u201d, White disse a Himmelsbach. \u201cEle me ligou e disse que s\u00f3 queria esclarecer as coisas e eu disse a ele que est\u00e1vamos bem. Nunca houve nenhum problema ou quest\u00e3o conosco, com certeza. Ele \u00e9 um jogador incr\u00edvel e eu nunca tive nada de ruim a dizer sobre JB.\u201d<\/p>\n<figure class=\"wp-block-embed is-type-video is-provider-sendtonews wp-block-embed-sendtonews\"\/>\n<p>Quando foi anunciado que <a href=\"https:\/\/www.boston.com\/sports\/boston-celtics\/2024\/07\/26\/2024-paris-olympics-basketball-team-usa-nba-celtics-jayson-tatum-derrick-white-jrue-holiday\/\" target=\"_blank\" rel=\"noreferrer noopener\">Branco<\/a> substituiria Kawhi Leonard no Team USA no in\u00edcio de julho, Brown fez v\u00e1rias postagens sobre o assunto no X, anteriormente conhecido como Twitter. Primeiro, Brown tuitou um trio de \ud83e\uddd0emojis, provavelmente expressando confus\u00e3o. Algumas horas depois, ele foi atr\u00e1s da Nike em outra postagem, acreditando que a empresa de roupas esportivas o impediu de fazer parte da lista.<\/p>\n<p>\u201c<a href=\"https:\/\/x.com\/Nike\">@nike<\/a> \u00e9 isso que estamos fazendo?\u201d escreveu Brown.<\/p>\n<p>Enquanto alguns acreditavam que Brown foi esnobado do elenco, outros achavam que sua rea\u00e7\u00e3o poderia ter sido exagerada, considerando que um companheiro de equipe dele conseguiu a vaga no elenco. Brown contatou White logo depois que ele fez essas postagens nas redes sociais, ele disse aos rep\u00f3rteres na Summer League. <\/p>\n<p>\u201cLiguei para Derrick imediatamente\u201d, disse Brown. \u201cS\u00f3 para ter certeza de que n\u00e3o h\u00e1 confus\u00e3o, meu amor por voc\u00ea e tudo isso. Ele sabia disso, e sabia. Voc\u00ea nem sempre precisa tornar tudo p\u00fablico. Eu e D-White estamos bem.\u201d<\/p>\n<p>Embora Brown tenha expressado confus\u00e3o sobre a nomea\u00e7\u00e3o de White para o elenco, foi relatado durante as Finais da NBA que White poderia substituir Leonard se ele ainda estivesse lesionado. <\/p>\n<p>White tamb\u00e9m foi pego um pouco desprevenido quando foi anunciado que ele substituiria Leonard. Ele viu a estrela dos Clippers no acampamento do Team USA quando ele abriu no in\u00edcio de julho, acreditando que sua oportunidade de se juntar ao time estava fora de quest\u00e3o. Ele disse anteriormente aos rep\u00f3rteres que reservou f\u00e9rias para Cabo com sua fam\u00edlia durante as Olimp\u00edadas como resultado.<\/p>\n<p>Como White se juntou ao Team USA em Abu Dhabi durante a s\u00e9rie de exibi\u00e7\u00f5es antes das Olimp\u00edadas, ainda h\u00e1 alguma controv\u00e9rsia sobre o motivo pelo qual Brown n\u00e3o foi escolhido para a lista. Brown insistiu que a Nike, que patrocina o USA Basketball, desempenhou um papel em sua rejei\u00e7\u00e3o, provavelmente devido a coment\u00e1rios anteriores que ele fez sobre a empresa.<\/p>\n<p>\u201cCom certeza\u201d, Brown disse em julho. \u201cHaver\u00e1 mais coisas para vir com isso, mas por enquanto n\u00e3o vou comentar sobre isso.\u201d<\/p>\n<p>O diretor da equipe dos EUA, Grant Hill, negou que a Nike tenha qualquer influ\u00eancia sobre as escolhas do elenco. Hill <a href=\"https:\/\/www.youtube.com\/watch?v=labEs9um6RM\" target=\"_blank\" rel=\"noreferrer noopener\">explicado no \u201cThe Dan Patrick Show\u201d<\/a> que escolher White em vez de Brown era apenas uma quest\u00e3o de necessidade posicional, dizendo que o time se sentiu bem com sua situa\u00e7\u00e3o de ataque depois que Bam Adebayo jogou como ala-piv\u00f4 durante o treino.<\/p>\n<p>\u201cVamos trazer algu\u00e9m que possa realmente nos dar uma \u00f3tima defesa no ponto de ataque\u201d, disse Hill sobre a decis\u00e3o de adicionar White. \u201cEssa tamb\u00e9m era uma prioridade para montar esse time: ser capaz de pegar a quadra inteira, marcar e pressionar o armador dos times advers\u00e1rios. Jrue Holiday pode ser o melhor do mundo nisso.<\/p>\n<p>\u201cMas tendo algumas les\u00f5es que tivemos durante o acampamento, o que acontece se Jrue se machucar? Derrick White pode ser o segundo melhor do mundo em defesa de ponto de ataque. Esse foi o tipo de processo de pensamento.\u201d<\/p>\n<p>Holiday n\u00e3o \u00e9 o \u00fanico companheiro de equipe do Celtics com quem White jogar\u00e1 durante as Olimp\u00edadas de Ver\u00e3o de 2024 em Paris. Jayson Tatum tamb\u00e9m est\u00e1 no elenco. <\/p>\n<p>White gosta da presen\u00e7a de Holiday e Tatum no elenco.<\/p>\n<p>\u201c\u00c9 sempre \u00f3timo estar do mesmo lado que eles e \u00e9 bom v\u00ea-los novamente\u201d, disse White a Himmelsbach. \u201cEles me ajudaram quando cheguei aqui, me ajudando a ganhar velocidade mais r\u00e1pido. \u00c9 sempre bom estar com eles.\u201d<\/p>\n<div class=\"m-block m-generic-cta\t m-generic-cta--post-content\t m-generic-cta--dark\t m-generic-cta--homepage\t m-generic-cta--email-signup\t\t m-generic-cta-block-style--default \tt-amp__generic-cta\"><\/p>\n<div class=\"m-generic-cta__wrap\">\n<div class=\"m-generic-cta__content\">\n<h3 class=\"m-generic-cta__title\">Inscreva-se para receber atualiza\u00e7\u00f5es do Celtics\ud83c\udfc0<\/h3>\n<p class=\"m-generic-cta__subtitle\">Receba not\u00edcias de \u00faltima hora e an\u00e1lises na sua caixa de entrada durante a temporada de basquete.<\/p>\n<\/p><\/div>\n<\/p><\/div>\n<\/div><\/div>\n<p><script>\n\t\tvar consent=\"grant\";\n\t\t\/* The above code is parsing the JSON data from the local storage and storing it in a variable. *\/\n\t\t\t\t\tconst onetrustStorageConsent = JSON.parse(localStorage.getItem( 'consent_one_trust_bdc' ) );\n\t\t\tif ( ( onetrustStorageConsent !== null ) ) {\n\t\t\t\t\/* Checking to see if the user has consented to the use of cookies.\n\t\t\t\t* If they have not, it is deleting the cookie.\n\t\t\t\t* This will comment for now, until further notice.\n\t\t\t\t*\/\n\t\t\t\t\/\/if ( onetrustStorageConsent.C0002 === false ) {\n\t\t\t\t\/\/\tdocument.cookie=\"_fbp=;expires=Thu, 01 Jan 2010 00:00:00 UTC; path=\/; domain=.boston.com\";\n\t\t\t\t\/\/}\n\t\t\t\t\/* Checking if the user has given consent for the cookie C0002.\n\t\t\t\t* If the user has given consent, the variable consent will be set to 'grant'.\n\t\t\t\t* If the user has not given consent,the variable consent will be set to 'revoke'.\n\t\t\t\t* Documentation https:\/\/developers.facebook.com\/docs\/meta-pixel\/implementation\/gdpr\n\t\t\t\t*\/\n\t\t\t\tif ( onetrustStorageConsent.C0002 !== true ) {\n\t\t\t\t\tconsent=\"revoke\";\n\t\t\t\t}\n\t\t\t}\n\t\t\t\t!function(f,b,e,v,n,t,s)\n\t\t{if(f.fbq)return;n=f.fbq=function(){n.callMethod?\n\t\tn.callMethod.apply(n,arguments):n.queue.push(arguments)};\n\t\tif(!f._fbq)f._fbq=n;n.push=n;n.loaded=!0;n.version='2.0';\n\t\tn.queue=[];t=b.createElement(e);t.async=!0;\n\t\tt.src=v;s=b.getElementsByTagName(e)[0];\n\t\ts.parentNode.insertBefore(t,s)}(window, document,'script',\n\t\t'https:\/\/connect.facebook.net\/en_US\/fbevents.js');\n\t\tfbq('consent', consent);\n\t\tfbq('init', '989222871864976');\n\t\tfbq('track', 'PageView');\n\t<\/script><script type=\"module\">\n\t\tvar consent=\"grant\";\n\t\t\/* The above code is parsing the JSON data from the local storage and storing it in a variable. *\/\n\t\t\tconst onetrustStorageConsent = JSON.parse(localStorage.getItem( 'consent_one_trust_bdc' ) );\n\t\t\t\/* Checking to see if the user has consented to the use of cookies.\n\t\t\t* If they have not, it is deleting the cookie.\n\t\t\t* This will comment for now, until further notice.\n\t\t\t*\/\n\t\t\t\/\/if ( onetrustStorageConsent.C0002 === false ) {\n\t\t\t\/\/\tdocument.cookie=\"_fbp=;expires=Thu, 01 Jan 2010 00:00:00 UTC; path=\/; domain=.boston.com\";\n\t\t\t\/\/}\n\t\t\t\/* Checking if the user has given consent for the cookie C0002.\n\t\t\t* If the user has given consent, the variable consent will be set to 'grant'.\n\t\t\t* If the user has not given consent,the variable consent will be set to 'revoke'.\n\t\t\t* Documentation https:\/\/developers.facebook.com\/docs\/meta-pixel\/implementation\/gdpr\n\t\t\t*\/\n\t\t\tif ( ( onetrustStorageConsent !== null ) && (onetrustStorageConsent.C0002 !== true ) ) {\n\t\t\t\tconsent=\"revoke\";\n\t\t\t}\n\t\t\t\t!function(f,b,e,v,n,t,s){if(f.fbq)return;n=f.fbq=function()\n\t\t{n.callMethod? n.callMethod.apply(n,arguments):n.queue.push(arguments)}\n\t\t;if(!f._fbq)f._fbq=n;\n\t\tn.push=n;n.loaded=!0;n.version='2.0';n.queue=[];t=b.createElement(e);t.async=!0;\n\t\tt.src=v;s=b.getElementsByTagName(e)[0];s.parentNode.insertBefore(t,s)}(window,\n\t\tdocument,'script','https:\/\/connect.facebook.net\/en_US\/fbevents.js');\n\t\tfbq('consent', consent);\n\t\tfbq('init', '813236348753005');\n\t\tfbq('track', \"PageView\");\n\t<\/script><br \/>\n<br \/><br \/>\n<br \/><a href=\"https:\/\/www.boston.com\/sports\/boston-celtics\/2024\/07\/27\/derrick-white-jaylen-brown-celtics-usa-basketball-olympics\/\">Source link <\/a><\/p>","protected":false},"excerpt":{"rendered":"<p>Celtas &#8220;Ele \u00e9 um \u00f3timo jogador e nunca tive nada de ruim a dizer sobre JB.&#8221; Derrick White n\u00e3o guarda rancor de Jaylen Brown por sua rea\u00e7\u00e3o \u00e0 decis\u00e3o da&hellip;<\/p>","protected":false},"author":1,"featured_media":10143,"comment_status":"closed","ping_status":"open","sticky":false,"template":"","format":"standard","meta":{"content-type":"","footnotes":""},"categories":[1],"tags":[],"class_list":["post-10142","post","type-post","status-publish","format-standard","has-post-thumbnail","hentry","category-uncategorized"],"_links":{"self":[{"href":"https:\/\/tvbrazilusa.com\/pt\/wp-json\/wp\/v2\/posts\/10142","targetHints":{"allow":["GET"]}}],"collection":[{"href":"https:\/\/tvbrazilusa.com\/pt\/wp-json\/wp\/v2\/posts"}],"about":[{"href":"https:\/\/tvbrazilusa.com\/pt\/wp-json\/wp\/v2\/types\/post"}],"author":[{"embeddable":true,"href":"https:\/\/tvbrazilusa.com\/pt\/wp-json\/wp\/v2\/users\/1"}],"replies":[{"embeddable":true,"href":"https:\/\/tvbrazilusa.com\/pt\/wp-json\/wp\/v2\/comments?post=10142"}],"version-history":[{"count":1,"href":"https:\/\/tvbrazilusa.com\/pt\/wp-json\/wp\/v2\/posts\/10142\/revisions"}],"predecessor-version":[{"id":10144,"href":"https:\/\/tvbrazilusa.com\/pt\/wp-json\/wp\/v2\/posts\/10142\/revisions\/10144"}],"wp:featuredmedia":[{"embeddable":true,"href":"https:\/\/tvbrazilusa.com\/pt\/wp-json\/wp\/v2\/media\/10143"}],"wp:attachment":[{"href":"https:\/\/tvbrazilusa.com\/pt\/wp-json\/wp\/v2\/media?parent=10142"}],"wp:term":[{"taxonomy":"category","embeddable":true,"href":"https:\/\/tvbrazilusa.com\/pt\/wp-json\/wp\/v2\/categories?post=10142"},{"taxonomy":"post_tag","embeddable":true,"href":"https:\/\/tvbrazilusa.com\/pt\/wp-json\/wp\/v2\/tags?post=10142"}],"curies":[{"name":"wp","href":"https:\/\/api.w.org\/{rel}","templated":true}]}}