{"id":101422,"date":"2025-02-10T23:47:10","date_gmt":"2025-02-10T23:47:10","guid":{"rendered":"https:\/\/tvbrazilusa.com\/2025\/02\/10\/dia-vira-noite-em-sp-com-temporal-e-queda-de-granizo\/"},"modified":"2025-02-10T23:47:11","modified_gmt":"2025-02-10T23:47:11","slug":"dia-vira-noite-em-sp-com-temporal-e-queda-de-granizo","status":"publish","type":"post","link":"https:\/\/tvbrazilusa.com\/pt\/2025\/02\/10\/dia-vira-noite-em-sp-com-temporal-e-queda-de-granizo\/","title":{"rendered":"Dia &#8216;vira noite&#8217; em SP com temporal e queda de granizo"},"content":{"rendered":"<p> <script async src=\"https:\/\/pagead2.googlesyndication.com\/pagead\/js\/adsbygoogle.js?client=ca-pub-8864793242727901\"\r\n     crossorigin=\"anonymous\"><\/script><br \/>\n<\/p>\n<div id=\"taboola-read-more\" style=\"display:block; width:100%\">\n<p>A cidade de S\u00e3o Paulo entrou em estado de aten\u00e7\u00e3o para alagamentos na tarde desta segunda-feira (10). A chegada da chuva fez o dia &#8220;virar noite&#8221; em Osasco, Grande SP, onde tamb\u00e9m houve registro de granizo.\n<\/p>\n<p>As Zonas Norte, Leste, Oeste e Centro da capital, al\u00e9m das Marginais Tiet\u00ea e Pinheiros, receberam o estado de aten\u00e7\u00e3o \u00e0s 16h02. A Zona Sul, \u00e0s 16h40.<\/p>\n<p>Fotos feitas \u00e0s 16h em Osasco, Grande SP, e regi\u00e3o noroeste da capital mostram que o c\u00e9u encoberto pelas nuvens (veja acima e abaixo).\n<\/p>\n<p>Moradores do bairro Helena Maria, em Osasco, na Grande SP, relataram chuva de granizo por 30 minutos. &#8220;Caiu primeiro granizo na Rua Reveri e depois \u00e1gua. O gelo quebrou os canos do pessoal&#8221;, disse um morador para a reportagem da TV Globo.\n<\/p>\n<p>Conforme o CGE, \u00e1reas de chuva formadas pelo calor e a entrada da brisa mar\u00edtima, come\u00e7am a atuar na cidade.\n<\/p>\n<p>&#8220;Imagens do radar meteorol\u00f3gico do CGE da Prefeitura de S\u00e3o Paulo mostram chuva forte na Zona Leste, principalmente na Penha e Mooca. O mesmo quadro \u00e9 observado na Zona Oeste, na subprefeitura do Butant\u00e3&#8221;.\n<\/p>\n<p>Ainda conforme o \u00f3rg\u00e3o, essas chuvas atuam de forma isolada com potencial para alagamentos, rajadas de vento e transbordamentos.\n<\/p>\n<p>Previs\u00e3o para pr\u00f3ximos dias<br \/>As simula\u00e7\u00f5es atmosf\u00e9ricas mais recentes indicam que a segunda semana de fevereiro ter\u00e1 predom\u00ednio de sol e forte calor. Por conta disso, a capital paulista permanece em estado de aten\u00e7\u00e3o para as altas temperaturas desde as 8h da \u00faltima quinta-feira (6).\n<\/p>\n<p>A ter\u00e7a-feira (11) ser\u00e1 mais um dia marcado por predom\u00ednio de sol, poucas nuvens e previs\u00e3o de chuva r\u00e1pida no per\u00edodo da tarde.\n<\/p>\n<p>Na madrugada, os term\u00f4metros das esta\u00e7\u00f5es meteorol\u00f3gicas autom\u00e1ticas do CGE devem registrar temperatura m\u00ednima de 21\u00b0C e durante a tarde a m\u00e1xima chega facilmente aos 32\u00b0C. Os \u00edndices de umidade do ar declinam um pouco, com valores m\u00ednimos ao redor dos 35%.\n<\/p>\n<p>Na quarta-feira (12) o quadro se repete, ou seja, madrugada com c\u00e9u nublado, sensa\u00e7\u00e3o de tempo abafado e term\u00f4metros em m\u00e9dia na casa dos 21\u00b0C.\n<\/p>\n<p>O sol predomina desde o amanhecer entre poucas nuvens, com previs\u00e3o de 32\u00b0C de m\u00e1xima e percentuais m\u00ednimos de umidade por volta dos 33\u00b0C. Durante a tarde, n\u00e3o se descarta a ocorr\u00eancia de chuva r\u00e1pida de forma isolada e com baixo volume pluviom\u00e9trico.\n<\/p>\n<p>Fonte: G1              <\/p>\n<\/div>\n<p><br \/>\n<br \/><a href=\"https:\/\/diariodobrasilnoticias.com.br\/noticia\/dia-vira-noite-em-sp-com-temporal-e-queda-de-granizo-67aa6cda24593\">Source link <\/a><\/p>","protected":false},"excerpt":{"rendered":"<p>A cidade de S\u00e3o Paulo entrou em estado de aten\u00e7\u00e3o para alagamentos na tarde desta segunda-feira (10). A chegada da chuva fez o dia &#8220;virar noite&#8221; em Osasco, Grande SP,&hellip;<\/p>","protected":false},"author":1,"featured_media":101423,"comment_status":"closed","ping_status":"open","sticky":false,"template":"","format":"standard","meta":{"content-type":"","footnotes":""},"categories":[16],"tags":[123,2448,5313,1267],"class_list":["post-101422","post","type-post","status-publish","format-standard","has-post-thumbnail","hentry","category-noticias","tag-brasil","tag-diario","tag-noticia","tag-noticias"],"_links":{"self":[{"href":"https:\/\/tvbrazilusa.com\/pt\/wp-json\/wp\/v2\/posts\/101422","targetHints":{"allow":["GET"]}}],"collection":[{"href":"https:\/\/tvbrazilusa.com\/pt\/wp-json\/wp\/v2\/posts"}],"about":[{"href":"https:\/\/tvbrazilusa.com\/pt\/wp-json\/wp\/v2\/types\/post"}],"author":[{"embeddable":true,"href":"https:\/\/tvbrazilusa.com\/pt\/wp-json\/wp\/v2\/users\/1"}],"replies":[{"embeddable":true,"href":"https:\/\/tvbrazilusa.com\/pt\/wp-json\/wp\/v2\/comments?post=101422"}],"version-history":[{"count":1,"href":"https:\/\/tvbrazilusa.com\/pt\/wp-json\/wp\/v2\/posts\/101422\/revisions"}],"predecessor-version":[{"id":101424,"href":"https:\/\/tvbrazilusa.com\/pt\/wp-json\/wp\/v2\/posts\/101422\/revisions\/101424"}],"wp:featuredmedia":[{"embeddable":true,"href":"https:\/\/tvbrazilusa.com\/pt\/wp-json\/wp\/v2\/media\/101423"}],"wp:attachment":[{"href":"https:\/\/tvbrazilusa.com\/pt\/wp-json\/wp\/v2\/media?parent=101422"}],"wp:term":[{"taxonomy":"category","embeddable":true,"href":"https:\/\/tvbrazilusa.com\/pt\/wp-json\/wp\/v2\/categories?post=101422"},{"taxonomy":"post_tag","embeddable":true,"href":"https:\/\/tvbrazilusa.com\/pt\/wp-json\/wp\/v2\/tags?post=101422"}],"curies":[{"name":"wp","href":"https:\/\/api.w.org\/{rel}","templated":true}]}}