{"id":101432,"date":"2025-02-11T00:14:30","date_gmt":"2025-02-11T00:14:30","guid":{"rendered":"https:\/\/tvbrazilusa.com\/2025\/02\/11\/o-quarto-presidente-de-partido-a-atacar-o-governo-lula-declara-que-nao-deseja-conversar\/"},"modified":"2025-02-11T00:14:31","modified_gmt":"2025-02-11T00:14:31","slug":"o-quarto-presidente-de-partido-a-atacar-o-governo-lula-declara-que-nao-deseja-conversar","status":"publish","type":"post","link":"https:\/\/tvbrazilusa.com\/pt\/2025\/02\/11\/o-quarto-presidente-de-partido-a-atacar-o-governo-lula-declara-que-nao-deseja-conversar\/","title":{"rendered":"O quarto presidente de partido a atacar o governo Lula declara que n\u00e3o deseja conversar"},"content":{"rendered":"<p> <script async src=\"https:\/\/pagead2.googlesyndication.com\/pagead\/js\/adsbygoogle.js?client=ca-pub-8864793242727901\"\r\n     crossorigin=\"anonymous\"><\/script><br \/>\n<\/p>\n<div id=\"taboola-read-more\" style=\"display:block; width:100%\">\n<p>Paulinho da For\u00e7a, presidente do Solidariedade \u2013 um dos primeiros partidos a apoiar a candidatura de Lula em 2022 \u2013, disse um dia ap\u00f3s disparar um v\u00eddeo em que critica o governo Lula n\u00e3o estar disposto a sentar para conversar o presidente. O governo j\u00e1 foi criticado por dirigentes do PSD, Republicanos e PP.\n<\/p>\n<p>Chamando Lula de \u201ccompanheiro\u201d, Paulinho diz na grava\u00e7\u00e3o que est\u00e1 dif\u00edcil defender o presidente, lembra que Lula prometeu que o povo picanha, acusa o petista de estar culpando o povo pelo pre\u00e7o dos alimentos e ainda pede a cabe\u00e7a de Fernando Haddad.<\/p>\n<p>O v\u00eddeo provocou rea\u00e7\u00f5es entre governistas e petistas. Um dirigente do PT ligou para a ex-deputada federal Mar\u00edlia Arraes (Solidariedade-PE) para tentar amenizar os ataques, mas o presidente do partido que ficou de fora da distribui\u00e7\u00e3o de minist\u00e9rios na Esplanada ainda em 2022, tem afirmado n\u00e3o querer conversar. A avalia\u00e7\u00e3o \u00e9 de que n\u00e3o h\u00e1 mais espa\u00e7o para o di\u00e1logo.\n<\/p>\n<p>Fonte: O Globo              <\/p>\n<\/div>\n<p><br \/>\n<br \/><a href=\"https:\/\/diariodobrasilnoticias.com.br\/noticia\/o-quarto-presidente-de-partido-a-atacar-o-governo-lula-declara-que-nao-deseja-conversar-67aa72b1f2536\">Source link <\/a><\/p>","protected":false},"excerpt":{"rendered":"<p>Paulinho da For\u00e7a, presidente do Solidariedade \u2013 um dos primeiros partidos a apoiar a candidatura de Lula em 2022 \u2013, disse um dia ap\u00f3s disparar um v\u00eddeo em que critica&hellip;<\/p>","protected":false},"author":1,"featured_media":101433,"comment_status":"closed","ping_status":"open","sticky":false,"template":"","format":"standard","meta":{"content-type":"","footnotes":""},"categories":[16],"tags":[123,2448,5313,1267],"class_list":["post-101432","post","type-post","status-publish","format-standard","has-post-thumbnail","hentry","category-noticias","tag-brasil","tag-diario","tag-noticia","tag-noticias"],"_links":{"self":[{"href":"https:\/\/tvbrazilusa.com\/pt\/wp-json\/wp\/v2\/posts\/101432","targetHints":{"allow":["GET"]}}],"collection":[{"href":"https:\/\/tvbrazilusa.com\/pt\/wp-json\/wp\/v2\/posts"}],"about":[{"href":"https:\/\/tvbrazilusa.com\/pt\/wp-json\/wp\/v2\/types\/post"}],"author":[{"embeddable":true,"href":"https:\/\/tvbrazilusa.com\/pt\/wp-json\/wp\/v2\/users\/1"}],"replies":[{"embeddable":true,"href":"https:\/\/tvbrazilusa.com\/pt\/wp-json\/wp\/v2\/comments?post=101432"}],"version-history":[{"count":1,"href":"https:\/\/tvbrazilusa.com\/pt\/wp-json\/wp\/v2\/posts\/101432\/revisions"}],"predecessor-version":[{"id":101434,"href":"https:\/\/tvbrazilusa.com\/pt\/wp-json\/wp\/v2\/posts\/101432\/revisions\/101434"}],"wp:featuredmedia":[{"embeddable":true,"href":"https:\/\/tvbrazilusa.com\/pt\/wp-json\/wp\/v2\/media\/101433"}],"wp:attachment":[{"href":"https:\/\/tvbrazilusa.com\/pt\/wp-json\/wp\/v2\/media?parent=101432"}],"wp:term":[{"taxonomy":"category","embeddable":true,"href":"https:\/\/tvbrazilusa.com\/pt\/wp-json\/wp\/v2\/categories?post=101432"},{"taxonomy":"post_tag","embeddable":true,"href":"https:\/\/tvbrazilusa.com\/pt\/wp-json\/wp\/v2\/tags?post=101432"}],"curies":[{"name":"wp","href":"https:\/\/api.w.org\/{rel}","templated":true}]}}