{"id":101470,"date":"2025-02-11T01:27:36","date_gmt":"2025-02-11T01:27:36","guid":{"rendered":"https:\/\/tvbrazilusa.com\/2025\/02\/11\/agora-trump-cumpre-promessa-e-taxa-aco-e-aluminio-em-25\/"},"modified":"2025-02-11T01:27:38","modified_gmt":"2025-02-11T01:27:38","slug":"agora-trump-cumpre-promessa-e-taxa-aco-e-aluminio-em-25","status":"publish","type":"post","link":"https:\/\/tvbrazilusa.com\/pt\/2025\/02\/11\/agora-trump-cumpre-promessa-e-taxa-aco-e-aluminio-em-25\/","title":{"rendered":"Agora: Trump cumpre promessa e taxa A\u00e7o e alum\u00ednio em 25%"},"content":{"rendered":"<p> <script async src=\"https:\/\/pagead2.googlesyndication.com\/pagead\/js\/adsbygoogle.js?client=ca-pub-8864793242727901\"\r\n     crossorigin=\"anonymous\"><\/script><br \/>\n<\/p>\n<div id=\"taboola-read-more\" style=\"display:block; width:100%\">\n<p>O presidente dos Estados Unidos, Donald Trump, assinou um decreto nesta segunda-feira (10) para tarifas de 25% em a\u00e7o e alum\u00ednio.\n<\/p>\n<p>O Brasil deve ser afetado pela medida. Segundo dados do anu\u00e1rio da Associa\u00e7\u00e3o Brasileira do Alum\u00ednio (Abal), em 2023 a ind\u00fastria nacional exportou US$ 685 milh\u00f5es para os EUA \u2014 15% do total das exporta\u00e7\u00f5es do setor.<\/p>\n<p>Em 2024, o valor subiu 16%, indo para US$ 796 milh\u00f5es, correspondendo a 14% do total das exporta\u00e7\u00f5es.\n<\/p>\n<p>Durante o seu primeiro mandato, Trump imp\u00f4s tarifas de 25% sobre o a\u00e7o e de 10% sobre o alum\u00ednio, mas posteriormente concedeu a v\u00e1rios parceiros comerciais quotas isentas de impostos, incluindo o Canad\u00e1, o M\u00e9xico, a Uni\u00e3o Europeia e o Reino Unido.\n<\/p>\n<p>Fonte: CNN Brasil              <\/p>\n<\/div>\n<p><br \/>\n<br \/><a href=\"https:\/\/diariodobrasilnoticias.com.br\/noticia\/urgente-donald-trump-assina-decreto-para-tarifa-de-25-em-aco-e-aluminio-67aa820a214a0\">Source link <\/a><\/p>","protected":false},"excerpt":{"rendered":"<p>O presidente dos Estados Unidos, Donald Trump, assinou um decreto nesta segunda-feira (10) para tarifas de 25% em a\u00e7o e alum\u00ednio. O Brasil deve ser afetado pela medida. Segundo dados&hellip;<\/p>","protected":false},"author":1,"featured_media":101471,"comment_status":"closed","ping_status":"open","sticky":false,"template":"","format":"standard","meta":{"content-type":"","footnotes":""},"categories":[16],"tags":[123,2448,5313,1267],"class_list":["post-101470","post","type-post","status-publish","format-standard","has-post-thumbnail","hentry","category-noticias","tag-brasil","tag-diario","tag-noticia","tag-noticias"],"_links":{"self":[{"href":"https:\/\/tvbrazilusa.com\/pt\/wp-json\/wp\/v2\/posts\/101470","targetHints":{"allow":["GET"]}}],"collection":[{"href":"https:\/\/tvbrazilusa.com\/pt\/wp-json\/wp\/v2\/posts"}],"about":[{"href":"https:\/\/tvbrazilusa.com\/pt\/wp-json\/wp\/v2\/types\/post"}],"author":[{"embeddable":true,"href":"https:\/\/tvbrazilusa.com\/pt\/wp-json\/wp\/v2\/users\/1"}],"replies":[{"embeddable":true,"href":"https:\/\/tvbrazilusa.com\/pt\/wp-json\/wp\/v2\/comments?post=101470"}],"version-history":[{"count":1,"href":"https:\/\/tvbrazilusa.com\/pt\/wp-json\/wp\/v2\/posts\/101470\/revisions"}],"predecessor-version":[{"id":101472,"href":"https:\/\/tvbrazilusa.com\/pt\/wp-json\/wp\/v2\/posts\/101470\/revisions\/101472"}],"wp:featuredmedia":[{"embeddable":true,"href":"https:\/\/tvbrazilusa.com\/pt\/wp-json\/wp\/v2\/media\/101471"}],"wp:attachment":[{"href":"https:\/\/tvbrazilusa.com\/pt\/wp-json\/wp\/v2\/media?parent=101470"}],"wp:term":[{"taxonomy":"category","embeddable":true,"href":"https:\/\/tvbrazilusa.com\/pt\/wp-json\/wp\/v2\/categories?post=101470"},{"taxonomy":"post_tag","embeddable":true,"href":"https:\/\/tvbrazilusa.com\/pt\/wp-json\/wp\/v2\/tags?post=101470"}],"curies":[{"name":"wp","href":"https:\/\/api.w.org\/{rel}","templated":true}]}}