{"id":101483,"date":"2025-02-11T01:51:22","date_gmt":"2025-02-11T01:51:22","guid":{"rendered":"https:\/\/tvbrazilusa.com\/2025\/02\/11\/apos-novas-ameacas-tarifarias-de-trump-dolar-volta-a-cair\/"},"modified":"2025-02-11T01:51:23","modified_gmt":"2025-02-11T01:51:23","slug":"apos-novas-ameacas-tarifarias-de-trump-dolar-volta-a-cair","status":"publish","type":"post","link":"https:\/\/tvbrazilusa.com\/pt\/2025\/02\/11\/apos-novas-ameacas-tarifarias-de-trump-dolar-volta-a-cair\/","title":{"rendered":"Ap\u00f3s novas amea\u00e7as tarif\u00e1rias de Trump, d\u00f3lar volta a cair"},"content":{"rendered":"<p> <script async src=\"https:\/\/pagead2.googlesyndication.com\/pagead\/js\/adsbygoogle.js?client=ca-pub-8864793242727901\"\r\n     crossorigin=\"anonymous\"><\/script><br \/>\n<\/p>\n<div id=\"taboola-read-more\" style=\"display:block; width:100%\">\n<p>Ap\u00f3s novas promessas tarif\u00e1rias do presidente dos Estados Unidos, Donald Trump, o d\u00f3lar voltou a registrar uma leve queda nesta segunda-feira (10) e fechou a R$5,78, uma varia\u00e7\u00e3o de 0,13%. A moeda norte-americana vem registrando oscila\u00e7\u00e3o desde que o empres\u00e1rio assumiu o controle do pa\u00eds, marcando, ainda, uma sequ\u00eancia de 12 baixas consecutivas na \u00faltima semana.\n<\/p>\n<p>O resultado ocorre em meio as amea\u00e7as de Trump de taxar em 25% as importa\u00e7\u00f5es de a\u00e7o e de alum\u00ednio, o que pode prejudicar as exporta\u00e7\u00f5es brasileiras ao pa\u00eds. Durante conversa com jornalistas no domingo (9), o presidente norte-americano explicou que os EUA v\u00e3o cobrar o mesmo n\u00edvel de taxas impostas pelos parceiros comerciais. \u201cN\u00e3o vai afetar todos os pa\u00edses, porque h\u00e1 alguns com os quais temos tarifas similares, mas aqueles que est\u00e3o tirando vantagem dos EUA, teremos reciprocidade\u201d, disse.<\/p>\n<p>Mais cedo, o ministro da Fazenda, Fernando Haddad, afirmou que o governo brasileiro se manifestar\u00e1 ap\u00f3s a efetiva\u00e7\u00e3o da medida. \u201cO governo tomou uma decis\u00e3o de s\u00f3 se manifestar oportunamente com base em decis\u00f5es concretas, e n\u00e3o em an\u00fancios que podem ser mal interpretados ou revistos. O governo vai aguardar a decis\u00e3o oficial antes de qualquer manifesta\u00e7\u00e3o\u201d, disse Haddad.\n<\/p>\n<p>Ainda no cen\u00e1rio interno, o relat\u00f3rio Focus, divulgado nesta segunda, aponta que mediana para a infla\u00e7\u00e3o nos pr\u00f3ximos 12 meses subiu de subiu de 5,74% para 5,87%, ante 5,01% um m\u00eas antes. As expectativas do mercado indicam, ainda, que para o IPCA, subiu de 5,51% para 5,58%, ficando 1,08 ponto acima do teto da meta de 4,50%.\n<\/p>\n<p>Al\u00e9m da amea\u00e7a ao Brasil, a queda da moeda ocorre em um per\u00edodo de tens\u00e3o comercial entre China e Estados Unidos. Na \u00faltima semana, o pa\u00eds asi\u00e1tico anunciou tarifas de importa\u00e7\u00e3o sobre produtos dos Estados Unidos depois de Trump aumentar as taxas sobre mercadorias chinesas. Soma-se ao contexto a divulga\u00e7\u00e3o de dados fracos da economia dos EUA \u2014 o n\u00famero de vagas de trabalho abertas no pa\u00eds caiu 556 mil em janeiro.\n<\/p>\n<p>Fonte: R7              <\/p>\n<\/div>\n<p><br \/>\n<br \/><a href=\"https:\/\/diariodobrasilnoticias.com.br\/noticia\/apos-novas-ameacas-tarifarias-de-trump-dolar-volta-a-cair-67aa6ecc3b8be\">Source link <\/a><\/p>","protected":false},"excerpt":{"rendered":"<p>Ap\u00f3s novas promessas tarif\u00e1rias do presidente dos Estados Unidos, Donald Trump, o d\u00f3lar voltou a registrar uma leve queda nesta segunda-feira (10) e fechou a R$5,78, uma varia\u00e7\u00e3o de 0,13%.&hellip;<\/p>","protected":false},"author":1,"featured_media":101484,"comment_status":"closed","ping_status":"open","sticky":false,"template":"","format":"standard","meta":{"content-type":"","footnotes":""},"categories":[16],"tags":[123,2448,5313,1267],"class_list":["post-101483","post","type-post","status-publish","format-standard","has-post-thumbnail","hentry","category-noticias","tag-brasil","tag-diario","tag-noticia","tag-noticias"],"_links":{"self":[{"href":"https:\/\/tvbrazilusa.com\/pt\/wp-json\/wp\/v2\/posts\/101483","targetHints":{"allow":["GET"]}}],"collection":[{"href":"https:\/\/tvbrazilusa.com\/pt\/wp-json\/wp\/v2\/posts"}],"about":[{"href":"https:\/\/tvbrazilusa.com\/pt\/wp-json\/wp\/v2\/types\/post"}],"author":[{"embeddable":true,"href":"https:\/\/tvbrazilusa.com\/pt\/wp-json\/wp\/v2\/users\/1"}],"replies":[{"embeddable":true,"href":"https:\/\/tvbrazilusa.com\/pt\/wp-json\/wp\/v2\/comments?post=101483"}],"version-history":[{"count":1,"href":"https:\/\/tvbrazilusa.com\/pt\/wp-json\/wp\/v2\/posts\/101483\/revisions"}],"predecessor-version":[{"id":101485,"href":"https:\/\/tvbrazilusa.com\/pt\/wp-json\/wp\/v2\/posts\/101483\/revisions\/101485"}],"wp:featuredmedia":[{"embeddable":true,"href":"https:\/\/tvbrazilusa.com\/pt\/wp-json\/wp\/v2\/media\/101484"}],"wp:attachment":[{"href":"https:\/\/tvbrazilusa.com\/pt\/wp-json\/wp\/v2\/media?parent=101483"}],"wp:term":[{"taxonomy":"category","embeddable":true,"href":"https:\/\/tvbrazilusa.com\/pt\/wp-json\/wp\/v2\/categories?post=101483"},{"taxonomy":"post_tag","embeddable":true,"href":"https:\/\/tvbrazilusa.com\/pt\/wp-json\/wp\/v2\/tags?post=101483"}],"curies":[{"name":"wp","href":"https:\/\/api.w.org\/{rel}","templated":true}]}}