{"id":101504,"date":"2025-02-11T04:21:02","date_gmt":"2025-02-11T04:21:02","guid":{"rendered":"https:\/\/tvbrazilusa.com\/2025\/02\/11\/como-o-corte-de-ordem-executiva-de-trump-para-a-pesquisa-medica-afeta-os-residentes-de-connecticut\/"},"modified":"2025-02-11T04:31:07","modified_gmt":"2025-02-11T04:31:07","slug":"como-o-corte-de-ordem-executiva-de-trump-para-a-pesquisa-medica-afeta-os-residentes-de-connecticut","status":"publish","type":"post","link":"https:\/\/tvbrazilusa.com\/pt\/2025\/02\/11\/como-o-corte-de-ordem-executiva-de-trump-para-a-pesquisa-medica-afeta-os-residentes-de-connecticut\/","title":{"rendered":"Como o corte de ordem executiva de Trump para a pesquisa m\u00e9dica afeta os residentes de Connecticut?"},"content":{"rendered":"<script async src=\"https:\/\/pagead2.googlesyndication.com\/pagead\/js\/adsbygoogle.js?client=ca-pub-8864793242727901\"\r\n     crossorigin=\"anonymous\"><\/script>\n<p>CONNECTICUT (WTNH) &#8211; A \u00faltima meta do presidente Trump \u00e9 a pesquisa m\u00e9dica, assinando um financiamento de corte de pedidos executivos nesses projetos.<\/p>\n<p>&#8220;Bem inten\u00e7\u00e3o, decis\u00f5es de decis\u00e3o de economizar dinheiro dos impostos, bem inten\u00e7\u00e3o, mas voc\u00ea precisa entender o impacto conseq\u00fcente e em cascata&#8221;, disse o deputado Tony Hwang (R-Westport). <\/p>\n<p>Hwang \u00e9 o co-presidente do bioci\u00eancia bipartid\u00e1ria Caucus. Ele diz que republicanos e democratas est\u00e3o trabalhando juntos no Capit\u00f3lio para promover os avan\u00e7os m\u00e9dicos. <\/p>\n<div class=\"nlp-ignore-block article-content rich-text\">\n<aside class=\"promo-link\">\n\t<a href=\"https:\/\/www.wtnh.com\/news\/connecticut\/new-haven\/new-haven-joins-national-lawsuit-against-trump-administrations-actions-on-sanctuary-cities\/?ipid=promo-link-block1\" class=\"promo-link__link\" target=\"\"_blank\"\"><\/p>\n<p>\t\tNew Haven se junta ao processo nacional contra as a\u00e7\u00f5es do governo Trump nas cidades do santu\u00e1rio\t<\/a><br \/>\n<\/aside>\n<\/div>\n<p>O procurador -geral William Tong uniu for\u00e7as com 21 outros procuradores gerais para processar o governo Trump por corte ilegal de fundos.<\/p>\n<p>&#8220;Trata -se de vidas humanas e a oportunidade de ter avan\u00e7os de bioci\u00eancia que podem fazer uma diferen\u00e7a positiva para salvar a vida das pessoas. Voc\u00ea n\u00e3o pode colocar d\u00f3lares em centavos nisso&#8221;, disse Hwang.<\/p>\n<p>Rachel McCann tem um filho, Nolan, que foi diagnosticado com c\u00e2ncer como crian\u00e7a. Nolan passou por 3,5 anos de quimioterapia.<\/p>\n<p>&#8220;Eles est\u00e3o tentando fazer uma cura para que meu filho seja curado e que haja tantos c\u00e2nceres que n\u00e3o temos a cura \u00e9 infelizmente&#8221;, disse McCann.<\/p>\n<p>Nolan est\u00e1 agora na terceira s\u00e9rie e est\u00e1 livre de c\u00e2ncer h\u00e1 mais de sete anos. McCann disse que o financiamento gasto em pesquisas e as pessoas que se dedicaram aos julgamentos para avan\u00e7ar a cura salvaram a vida de seu filho.<\/p>\n<p>&#8220;O financiamento ajuda a pesquisar poss\u00edveis avan\u00e7os na medicina&#8221;, disse McCann. &#8220;Eles trabalham com os pacientes e meu filho n\u00e3o seria curado [without research]eles literalmente o chamaram de curado. &#8220;<\/p>\n<p>Assista ao v\u00eddeo completo no player acima.<\/p>\n<p><br \/>\n<br \/><a href=\"https:\/\/www.wtnh.com\/news\/connecticut\/how-does-trumps-executive-order-cutting-funding-for-medical-research-impact-connecticut-residents\/\">Source link <\/a><\/p>","protected":false},"excerpt":{"rendered":"<p>CONNECTICUT (WTNH) &#8211; A \u00faltima meta do presidente Trump \u00e9 a pesquisa m\u00e9dica, assinando um financiamento de corte de pedidos executivos nesses projetos. &#8220;Bem inten\u00e7\u00e3o, decis\u00f5es de decis\u00e3o de economizar&hellip;<\/p>","protected":false},"author":1,"featured_media":101505,"comment_status":"closed","ping_status":"open","sticky":false,"template":"","format":"standard","meta":{"content-type":"","footnotes":""},"categories":[1],"tags":[],"class_list":["post-101504","post","type-post","status-publish","format-standard","has-post-thumbnail","hentry","category-uncategorized"],"_links":{"self":[{"href":"https:\/\/tvbrazilusa.com\/pt\/wp-json\/wp\/v2\/posts\/101504","targetHints":{"allow":["GET"]}}],"collection":[{"href":"https:\/\/tvbrazilusa.com\/pt\/wp-json\/wp\/v2\/posts"}],"about":[{"href":"https:\/\/tvbrazilusa.com\/pt\/wp-json\/wp\/v2\/types\/post"}],"author":[{"embeddable":true,"href":"https:\/\/tvbrazilusa.com\/pt\/wp-json\/wp\/v2\/users\/1"}],"replies":[{"embeddable":true,"href":"https:\/\/tvbrazilusa.com\/pt\/wp-json\/wp\/v2\/comments?post=101504"}],"version-history":[{"count":1,"href":"https:\/\/tvbrazilusa.com\/pt\/wp-json\/wp\/v2\/posts\/101504\/revisions"}],"predecessor-version":[{"id":101506,"href":"https:\/\/tvbrazilusa.com\/pt\/wp-json\/wp\/v2\/posts\/101504\/revisions\/101506"}],"wp:featuredmedia":[{"embeddable":true,"href":"https:\/\/tvbrazilusa.com\/pt\/wp-json\/wp\/v2\/media\/101505"}],"wp:attachment":[{"href":"https:\/\/tvbrazilusa.com\/pt\/wp-json\/wp\/v2\/media?parent=101504"}],"wp:term":[{"taxonomy":"category","embeddable":true,"href":"https:\/\/tvbrazilusa.com\/pt\/wp-json\/wp\/v2\/categories?post=101504"},{"taxonomy":"post_tag","embeddable":true,"href":"https:\/\/tvbrazilusa.com\/pt\/wp-json\/wp\/v2\/tags?post=101504"}],"curies":[{"name":"wp","href":"https:\/\/api.w.org\/{rel}","templated":true}]}}