{"id":101526,"date":"2025-02-11T10:23:56","date_gmt":"2025-02-11T10:23:56","guid":{"rendered":"https:\/\/tvbrazilusa.com\/2025\/02\/11\/policia-federal-intima-eduardo-bolsonaro-por-ofensa-a-delegado-cachorrnha-de-moraes\/"},"modified":"2025-02-11T10:23:57","modified_gmt":"2025-02-11T10:23:57","slug":"policia-federal-intima-eduardo-bolsonaro-por-ofensa-a-delegado-cachorrnha-de-moraes","status":"publish","type":"post","link":"https:\/\/tvbrazilusa.com\/pt\/2025\/02\/11\/policia-federal-intima-eduardo-bolsonaro-por-ofensa-a-delegado-cachorrnha-de-moraes\/","title":{"rendered":"Pol\u00edcia Federal intima Eduardo Bolsonaro por ofensa a delegado: &#8216;cachorr*nha de Moraes&#8217;"},"content":{"rendered":"<p> <script async src=\"https:\/\/pagead2.googlesyndication.com\/pagead\/js\/adsbygoogle.js?client=ca-pub-8864793242727901\"\r\n     crossorigin=\"anonymous\"><\/script><br \/>\n<\/p>\n<p>O deputado Eduardo Bolsonaro (PL-SP) relatou que foi intimado pela Pol\u00edcia Federal por chamar o delegado Fabio Alvarez Shor de \u201ccachorrinha\u201d e \u201cput*nha\u201d do ministro Alexandre de Moraes (STF). O parlamentar reclamou, em v\u00eddeo divulgado nesta segunda-feira (10\/2), que a atitude do \u00f3rg\u00e3o seria uma \u201cafronta\u201d aos demais congressistas.\n<\/p>\n<div>\n<div class=\"ad-displayed up-show\" data-gtm-vis-recent-on-screen104869357_328=\"237824\" data-gtm-vis-first-on-screen104869357_328=\"237824\" data-gtm-vis-total-visible-time104869357_328=\"100\" data-gtm-vis-has-fired104869357_328=\"1\">\n<p data-gtm-vis-recent-on-screen104869357_94=\"248843\" data-gtm-vis-first-on-screen104869357_94=\"248843\" data-gtm-vis-total-visible-time104869357_94=\"100\" data-gtm-vis-has-fired104869357_94=\"1\">No v\u00eddeo, Eduardo comentou: \u201cO delegado est\u00e1 sentido por t\u00ea-lo chamado de \u2018cachorrinha\u2019 e \u2018put*nha\u2019 de Alexandre de Moraes. Ele acha que vai me intimidar com isso aqui. (\u2026) Isso \u00e9 uma afronta a todos os deputados, n\u00e3o posso imaginar que um parlamentar seja acuado a parar de falar porque na sua casa anterior algu\u00e9m se sentiu ofendido. Buscarei a procuradoria da C\u00e2mara para a devida defesa a esse esculacho ao parlamentar mais votado da hist\u00f3ria do pa\u00eds\u201d.<\/p>\n<p>Fabio Alvarez Shor ficou conhecido por conduzir inqu\u00e9ritos que miram o ex-presidente Jair Bolsonaro (PL), entre eles o das mil\u00edcias digitais. Por isso, passou a ser alvo de bolsonaristas. Como mostrou o colunista F\u00e1bio Serapi\u00e3o, do Metr\u00f3poles, ele foi promovido a chefe da Divis\u00e3o de Investiga\u00e7\u00f5es e Opera\u00e7\u00f5es de Contraintelig\u00eancia da Pol\u00edcia Federal.\n<\/p>\n<p>Sobre a intima\u00e7\u00e3o, Eduardo continua: \u201c\u201cVoc\u00eas utilizam da covardia do estado para me prejudicar no meu CPF porque dou trabalho a voc\u00eas, ao regime ditatorial brasileiro, a essa \u2018juristocracia\u2019. Estou fazendo um estudo para entrar, na pessoa f\u00edsica de voc\u00eas, por abuso de autoridade. Perfeito, Fabio Shor? Estou licenciado da PF e, caso eu n\u00e3o seja eleito, voc\u00eas ter\u00e3o a satisfa\u00e7\u00e3o de me ver dentro da casa novamente\u201d.\n<\/p>\n<p>Como mostrou a coluna, o deputado Marcel van Hattem (Novo-RS) foi indiciado por discursos contra o delegado. A PF apontou os supostos crimes de cal\u00fania e difama\u00e7\u00e3o ap\u00f3s o parlamentar usar o microfone para reclamar da atua\u00e7\u00e3o de Fabio Shor.\n<\/p>\n<p>Fonte: Metr\u00f3poles\n<\/p>\n<p>\u00a0<\/p>\n<p>\u00a0<\/p>\n<\/div>\n<\/div>\n<p><br \/>\n<br \/><a href=\"https:\/\/diariodobrasilnoticias.com.br\/noticia\/policia-federal-intima-eduardo-bolsonaro-por-ofensa-a-delegado-cachorr-nha-de-moraes-67ab231aa6aae\">Source link <\/a><\/p>","protected":false},"excerpt":{"rendered":"<p>O deputado Eduardo Bolsonaro (PL-SP) relatou que foi intimado pela Pol\u00edcia Federal por chamar o delegado Fabio Alvarez Shor de \u201ccachorrinha\u201d e \u201cput*nha\u201d do ministro Alexandre de Moraes (STF). O&hellip;<\/p>","protected":false},"author":1,"featured_media":101527,"comment_status":"closed","ping_status":"open","sticky":false,"template":"","format":"standard","meta":{"content-type":"","footnotes":""},"categories":[16],"tags":[123,2448,5313,1267],"class_list":["post-101526","post","type-post","status-publish","format-standard","has-post-thumbnail","hentry","category-noticias","tag-brasil","tag-diario","tag-noticia","tag-noticias"],"_links":{"self":[{"href":"https:\/\/tvbrazilusa.com\/pt\/wp-json\/wp\/v2\/posts\/101526","targetHints":{"allow":["GET"]}}],"collection":[{"href":"https:\/\/tvbrazilusa.com\/pt\/wp-json\/wp\/v2\/posts"}],"about":[{"href":"https:\/\/tvbrazilusa.com\/pt\/wp-json\/wp\/v2\/types\/post"}],"author":[{"embeddable":true,"href":"https:\/\/tvbrazilusa.com\/pt\/wp-json\/wp\/v2\/users\/1"}],"replies":[{"embeddable":true,"href":"https:\/\/tvbrazilusa.com\/pt\/wp-json\/wp\/v2\/comments?post=101526"}],"version-history":[{"count":1,"href":"https:\/\/tvbrazilusa.com\/pt\/wp-json\/wp\/v2\/posts\/101526\/revisions"}],"predecessor-version":[{"id":101528,"href":"https:\/\/tvbrazilusa.com\/pt\/wp-json\/wp\/v2\/posts\/101526\/revisions\/101528"}],"wp:featuredmedia":[{"embeddable":true,"href":"https:\/\/tvbrazilusa.com\/pt\/wp-json\/wp\/v2\/media\/101527"}],"wp:attachment":[{"href":"https:\/\/tvbrazilusa.com\/pt\/wp-json\/wp\/v2\/media?parent=101526"}],"wp:term":[{"taxonomy":"category","embeddable":true,"href":"https:\/\/tvbrazilusa.com\/pt\/wp-json\/wp\/v2\/categories?post=101526"},{"taxonomy":"post_tag","embeddable":true,"href":"https:\/\/tvbrazilusa.com\/pt\/wp-json\/wp\/v2\/tags?post=101526"}],"curies":[{"name":"wp","href":"https:\/\/api.w.org\/{rel}","templated":true}]}}