{"id":101676,"date":"2025-02-11T17:25:33","date_gmt":"2025-02-11T17:25:33","guid":{"rendered":"https:\/\/tvbrazilusa.com\/2025\/02\/11\/bombril-entra-com-pedido-de-recuperacao-judicial\/"},"modified":"2025-02-11T17:25:34","modified_gmt":"2025-02-11T17:25:34","slug":"bombril-entra-com-pedido-de-recuperacao-judicial","status":"publish","type":"post","link":"https:\/\/tvbrazilusa.com\/pt\/2025\/02\/11\/bombril-entra-com-pedido-de-recuperacao-judicial\/","title":{"rendered":"Bombril entra com pedido de recupera\u00e7\u00e3o judicial"},"content":{"rendered":"<p> <script async src=\"https:\/\/pagead2.googlesyndication.com\/pagead\/js\/adsbygoogle.js?client=ca-pub-8864793242727901\"\r\n     crossorigin=\"anonymous\"><\/script><br \/>\n<\/p>\n<div id=\"taboola-read-more\" style=\"display:block; width:100%\">\n<p>A Bombril ajuizou nesta segunda-feira, 10, em conjunto com outras sociedades do seu grupo econ\u00f4mico, pedido de recupera\u00e7\u00e3o judicial perante a 1\u00aa Vara Regional Empresarial e de Conflitos Relacionados \u00e0 Arbitragem da 1\u00aa Regi\u00e3o Administrativa Judici\u00e1ria de S\u00e3o Paulo. O pedido foi autorizado nesta mesma data pelo conselho de administra\u00e7\u00e3o da companhia.\n<\/p>\n<p>\u201cTal medida est\u00e1 sendo tomada, no melhor interesse da companhia, para conduzir, de forma organizada, um procedimento abrangente de negocia\u00e7\u00e3o com todos os interessados para adequa\u00e7\u00e3o de sua estrutura de endividamento\u201d, explica a Bombril em fato relevante divulgado na segunda-feira.<\/p>\n<p>O pedido de recupera\u00e7\u00e3o judicial ocorre cerca de dois anos depois de a empresa negar essa possibilidade, quando precisou recorrer a uma transmiss\u00e3o de direitos credit\u00f3rios no valor de R$ 300 milh\u00f5es, acendendo o sinal amarelo do mercado na \u00e9poca.\n<\/p>\n<p>Com a recupera\u00e7\u00e3o judicial ajuizada, a companhia afirma que \u201cser\u00e1 capaz\u201d de manter a sua capacidade operacional e reestruturar adequadamente seu passivo, por meio de um \u201cprocesso c\u00e9lere\u201d e com o \u201cmenor impacto\u201d poss\u00edvel aos direitos dos credores e \u00e0s atividades operacionais.\n<\/p>\n<p>Tal medida, segundo a administra\u00e7\u00e3o, \u201cest\u00e1 em linha\u201d com os esfor\u00e7os de gest\u00e3o do passivo da Bombril, que v\u00eam sendo feitos nos \u00faltimos anos, e de recupera\u00e7\u00e3o da lucratividade de suas atividades, o que garantiu, nos \u00faltimos trimestres, a obten\u00e7\u00e3o de resultados cont\u00e1beis positivos.\n<\/p>\n<p>\u201cA companhia confia que, por meio da recupera\u00e7\u00e3o judicial, ser\u00e1 poss\u00edvel atingir uma estrutura de endividamento saud\u00e1vel, que permitir\u00e1 um novo ciclo de crescimento e novos investimentos, em benef\u00edcio da coletividade dos stakeholders\u201c, conclui a Bombril.\n<\/p>\n<p>Passivos jur\u00eddicos da Bombril<br \/>A Bombril possui conting\u00eancias tribut\u00e1rias relevantes, especialmente as relacionadas a autua\u00e7\u00f5es da Receita Federal por suposta falta de recolhimento de tributos incidentes em opera\u00e7\u00f5es de aquisi\u00e7\u00e3o de t\u00edtulos de d\u00edvida estrangeiros (T-Bills), no per\u00edodo entre 1998 e 2001 pela companhia e por ve\u00edculo do grupo italiano Cragnotti &#038; Partners, que era controlador da Bombril naquela \u00e9poca.\n<\/p>\n<p>Tais autua\u00e7\u00f5es s\u00e3o discutidas em processos judiciais e envolvem o valor total agregado de aproximadamente R$ 2,3 bilh\u00f5es. Dada a relev\u00e2ncia e o elevado valor envolvido, a administra\u00e7\u00e3o informou que \u201cmonitora constantemente\u201d o andamento dos processos judiciais. Nesse sentido, em fun\u00e7\u00e3o de decis\u00e3o desfavor\u00e1vel proferida recentemente nos processos judiciais, os diretores da Bombril reuniram-se hoje para deliberar sobre a situa\u00e7\u00e3o.\n<\/p>\n<p>Na reuni\u00e3o, a diretoria reavaliou os riscos de perda no \u00e2mbito dos processos judiciais e as alternativas para lidar com essa quest\u00e3o e seus impactos, amparada por pareceres de assessores externos.\n<\/p>\n<p>Tamb\u00e9m considerou que o atual risco de perda nos processos judiciais representa \u201camea\u00e7a\u201d aos bons resultados cont\u00e1beis que v\u00eam sendo obtidos pela Bombril, expondo a companhia a \u201criscos considerados elevados\u201d, relacionados \u00e0 reavalia\u00e7\u00e3o da sua capacidade de adimpl\u00eancia por parte de fornecedores e financiadores e, no limite, \u00e0 descontinuidade de determinadas rela\u00e7\u00f5es comerciais e vencimento antecipado de d\u00edvidas.\n<\/p>\n<p>Como resultado dessa reavalia\u00e7\u00e3o, a administra\u00e7\u00e3o deliberou pelo reconhecimento cont\u00e1bil dos valores discutidos nos processos judiciais, determinando a ado\u00e7\u00e3o das medidas cab\u00edveis.\n<\/p>\n<p>\u00a0<\/p>\n<p>Fonte: Revista Oeste<\/p>\n<\/p><\/div>\n<p><br \/>\n<br \/><a href=\"https:\/\/diariodobrasilnoticias.com.br\/noticia\/bombril-entra-com-pedido-de-recuperacao-judicial-67ab6e2ebbef7\">Source link <\/a><\/p>","protected":false},"excerpt":{"rendered":"<p>A Bombril ajuizou nesta segunda-feira, 10, em conjunto com outras sociedades do seu grupo econ\u00f4mico, pedido de recupera\u00e7\u00e3o judicial perante a 1\u00aa Vara Regional Empresarial e de Conflitos Relacionados \u00e0&hellip;<\/p>","protected":false},"author":1,"featured_media":101677,"comment_status":"closed","ping_status":"open","sticky":false,"template":"","format":"standard","meta":{"content-type":"","footnotes":""},"categories":[16],"tags":[123,2448,5313,1267],"class_list":["post-101676","post","type-post","status-publish","format-standard","has-post-thumbnail","hentry","category-noticias","tag-brasil","tag-diario","tag-noticia","tag-noticias"],"_links":{"self":[{"href":"https:\/\/tvbrazilusa.com\/pt\/wp-json\/wp\/v2\/posts\/101676","targetHints":{"allow":["GET"]}}],"collection":[{"href":"https:\/\/tvbrazilusa.com\/pt\/wp-json\/wp\/v2\/posts"}],"about":[{"href":"https:\/\/tvbrazilusa.com\/pt\/wp-json\/wp\/v2\/types\/post"}],"author":[{"embeddable":true,"href":"https:\/\/tvbrazilusa.com\/pt\/wp-json\/wp\/v2\/users\/1"}],"replies":[{"embeddable":true,"href":"https:\/\/tvbrazilusa.com\/pt\/wp-json\/wp\/v2\/comments?post=101676"}],"version-history":[{"count":1,"href":"https:\/\/tvbrazilusa.com\/pt\/wp-json\/wp\/v2\/posts\/101676\/revisions"}],"predecessor-version":[{"id":101678,"href":"https:\/\/tvbrazilusa.com\/pt\/wp-json\/wp\/v2\/posts\/101676\/revisions\/101678"}],"wp:featuredmedia":[{"embeddable":true,"href":"https:\/\/tvbrazilusa.com\/pt\/wp-json\/wp\/v2\/media\/101677"}],"wp:attachment":[{"href":"https:\/\/tvbrazilusa.com\/pt\/wp-json\/wp\/v2\/media?parent=101676"}],"wp:term":[{"taxonomy":"category","embeddable":true,"href":"https:\/\/tvbrazilusa.com\/pt\/wp-json\/wp\/v2\/categories?post=101676"},{"taxonomy":"post_tag","embeddable":true,"href":"https:\/\/tvbrazilusa.com\/pt\/wp-json\/wp\/v2\/tags?post=101676"}],"curies":[{"name":"wp","href":"https:\/\/api.w.org\/{rel}","templated":true}]}}