{"id":101715,"date":"2025-02-11T19:01:01","date_gmt":"2025-02-11T19:01:01","guid":{"rendered":"https:\/\/tvbrazilusa.com\/2025\/02\/11\/greve-de-peritos-do-inss-amplia-fila-de-beneficios-e-pressiona-o-governo\/"},"modified":"2025-02-11T19:01:04","modified_gmt":"2025-02-11T19:01:04","slug":"greve-de-peritos-do-inss-amplia-fila-de-beneficios-e-pressiona-o-governo","status":"publish","type":"post","link":"https:\/\/tvbrazilusa.com\/pt\/2025\/02\/11\/greve-de-peritos-do-inss-amplia-fila-de-beneficios-e-pressiona-o-governo\/","title":{"rendered":"Greve de peritos do INSS amplia fila de benef\u00edcios e pressiona o governo"},"content":{"rendered":"<p> <script async src=\"https:\/\/pagead2.googlesyndication.com\/pagead\/js\/adsbygoogle.js?client=ca-pub-8864793242727901\"\r\n     crossorigin=\"anonymous\"><\/script><br \/>\n<\/p>\n<div id=\"taboola-read-more\" style=\"display:block; width:100%\">\n<p>A greve parcial dos peritos m\u00e9dicos do Instituto Nacional de Seguridade Social (INSS), que se arrasta desde agosto do ano passado, tem aumentado o tempo de espera de trabalhadores que precisam de atestado para o recebimento de benef\u00edcios previdenci\u00e1rios.\n<\/p>\n<p>Em julho de 2024, m\u00eas anterior ao in\u00edcio da paralisa\u00e7\u00e3o, a fila para a realiza\u00e7\u00e3o de per\u00edcia era de 576,3 mil pessoas, segundo dados do Minist\u00e9rio da Previd\u00eancia. O n\u00famero pulou para 606 mil em agosto e foi aumentando m\u00eas a m\u00eas. O dado parcial de janeiro de 2025 \u00e9 686 mil pessoas aguardando atendimento. Sem a per\u00edcia, o segurado do INSS n\u00e3o consegue receber benef\u00edcios como o aux\u00edlio-doen\u00e7a.<\/p>\n<p>O impasse nas negocia\u00e7\u00f5es constitui mais um desgaste para o governo Luiz In\u00e1cio Lula da Silva (PT), que enfrenta outras reivindica\u00e7\u00f5es do funcionalismo. Sindicatos pedem reajuste salarial, equipara\u00e7\u00e3o de carreiras e outros benef\u00edcios. Na Receita Federal, a opera\u00e7\u00e3o-padr\u00e3o dos auditores-fiscais \u2013 uma estrat\u00e9gia do movimento grevista \u2013 imp\u00f5e atrasos e preju\u00edzos ao com\u00e9rcio exterior, e a paralisa\u00e7\u00e3o de renegocia\u00e7\u00f5es tribut\u00e1rias limita a arrecada\u00e7\u00e3o.\n<\/p>\n<p>No caso dos peritos do INSS, o movimento atinge 10% da categoria, que quer o cumprimento de um acordo firmado em 2022, que estabeleceu normas de produtividade.\n<\/p>\n<p>Em meados de 2024, o Minist\u00e9rio da Previd\u00eancia Social, ao qual o INSS \u00e9 vinculado, criou um novo Programa de Gest\u00e3o e Desempenho, desagradando parte dos servidores, que decidiu pela greve.\n<\/p>\n<p>\u201cEstamos h\u00e1 mais de quatro meses interrompendo as atividades regulares, e nesse per\u00edodo todo o governo n\u00e3o se disp\u00f4s a negociar nenhuma vez\u201d, afirma Paulo Liporaci, advogado da Associa\u00e7\u00e3o Nacional dos Peritos M\u00e9dicos Federais (ANMP). \u201cProvocamos o governo mais de dezenas de vezes, mandando of\u00edcio para marcar para instaurar mesa de negocia\u00e7\u00e3o com o ministro [da Previd\u00eancia] Carlos Lupi e com outros ministros, e nenhum of\u00edcio nosso teve resposta.\u201d\n<\/p>\n<p><strong>Previd\u00eancia quer aumentar produtividade<\/strong><br \/>Procurado pela Gazeta do Povo, o Minist\u00e9rio da Previd\u00eancia afirmou que o novo programa visa ao aumento da produtividade e foi acordado com o Tribunal de Contas da Uni\u00e3o (TCU).\n<\/p>\n<p>\u201cO motivo da greve \u00e9 a inconformidade da Associa\u00e7\u00e3o da categoria (ANMP) com Ac\u00f3rd\u00e3o do TCU que declarou ilegal dispositivos do acordo de greve de 2022 que reduziu em 40% a produtividade dos peritos&#8221;, justifica o Minist\u00e9rio da Previd\u00eancia, em nota.\n<\/p>\n<p>&#8220;Seguindo a decis\u00e3o do TCU, o Minist\u00e9rio da Previd\u00eancia Social criou um novo Programa de Gest\u00e3o e Desempenho para a categoria, o que resultou em aumento da produtividade. A ades\u00e3o ao novo PGD atingiu 91% dos peritos\u201d, prossegue o texto.\n<\/p>\n<p>Para a ANMP, a atual gest\u00e3o do MP desconsiderou a meta de produtividade definida para a carreira estabelecida com base em crit\u00e9rios t\u00e9cnicos.\n<\/p>\n<p>\u201cEles interpretaram o termo de acordo n\u00e3o como algo firmado com uma administra\u00e7\u00e3o p\u00fablica, com o Estado brasileiro, mas como algo firmado com o governo anterior\u201d, afirma Liporaci. \u201cE a\u00ed eles foram atr\u00e1s de subterf\u00fagios para poder desconstituir um acordo que tinha sido homologado pelo STJ [Superior Tribunal de Justi\u00e7a].\u201d\n<\/p>\n<p>O documento que embasou a decis\u00e3o do TCU, segundo o advogado, \u00e9 embasado em \u201cdados inver\u00eddicos\u201d e \u201cpremissas equivocadas\u201d.\n<\/p>\n<p>\u201cO TCU nunca ouviu a categoria, os dados produzidos pela categoria, porque toda essa meta de produtividade definida para carreira foi estabelecida com base em crit\u00e9rios t\u00e9cnicos que foram sendo verificados ao longo de 20 anos de atua\u00e7\u00e3o da per\u00edcia. N\u00e3o \u00e9 uma meta aleat\u00f3ria\u201d, explica.\n<\/p>\n<p>\u201cEla prioriza o atendimento de qualidade do segurado e garante que o Estado gaste com benef\u00edcios corretos. Quando voc\u00ea aumenta muito a quantidade de per\u00edcias e diminui o tempo por per\u00edcia, como o governo est\u00e1 querendo fazer, voc\u00ea diminui a qualidade e aumenta o \u00edndice de erro nas per\u00edcias.\u201d\n<\/p>\n<p>Lupi corta ponto dos peritos em greve<br \/>Para mitigar os efeitos da greve, o INSS implementou uma nova estrat\u00e9gia de reagendamento das per\u00edcias afetadas. Desde 27 de janeiro, as per\u00edcias marcadas com m\u00e9dicos que est\u00e3o em greve passaram a ser automaticamente remarcadas pela Empresa de Tecnologia e Informa\u00e7\u00f5es da Previd\u00eancia (Dataprev) para outro perito. Os segurados passaram a receber novas datas para atendimento por meio do aplicativo Meu INSS, do canal telef\u00f4nico 135 e por SMS.\n<\/p>\n<p>Ao mesmo tempo, o ministro da Previd\u00eancia, Carlos Lupi, determinou que os sal\u00e1rios dos peritos que aderiram \u00e0 greve sejam descontados e que os segurados sejam atendidos por outros m\u00e9dicos dispon\u00edveis.\n<\/p>\n<p>A ANMP, que considerou a medida \u201carbitr\u00e1ria\u201d, recorreu ao STJ. \u201cIsso se chama lockout, que \u00e9 a greve do empregador\u201d, diz Liporaci. \u201cEle [Lupi] bloqueou todas as agendas de atendimento de todos os servidores que estavam participando da greve, impondo que para esses servidores houvesse o desconto salarial integral. Mas os servidores estavam cumprindo uma agenda parcial de atendimento.\u201d\n<\/p>\n<p>O recurso para suspender o corte de ponto foi negado pelo presidente da Corte, Herman Benjamin, em 28 de janeiro. O ministro tamb\u00e9m manteve a validade da circular do \u00f3rg\u00e3o que bloqueou a agenda dos m\u00e9dicos grevistas, permitindo que os atendimentos dos segurados sejam transferidos para os profissionais que n\u00e3o aderiram ao movimento.\n<\/p>\n<p>A decis\u00e3o foi criticada pela associa\u00e7\u00e3o dos profissionais. &#8220;Os peritos m\u00e9dicos federais que vinham fazendo greve no modelo parcial e ainda atendiam uma parcela significativa de pessoas por dia ter\u00e3o suas atividades completamente bloqueadas e, a partir de hoje, cerca de 15 mil per\u00edcias ser\u00e3o canceladas por dia&#8221;, afirmou em nota a ANMP.\n<\/p>\n<p>Fonte: Gazeta do Povo              <\/p>\n<\/div>\n<p><br \/>\n<br \/><a href=\"https:\/\/diariodobrasilnoticias.com.br\/noticia\/greve-de-peritos-do-inss-amplia-fila-de-beneficios-e-pressiona-o-governo-67ab74aee0618\">Source link <\/a><\/p>","protected":false},"excerpt":{"rendered":"<p>A greve parcial dos peritos m\u00e9dicos do Instituto Nacional de Seguridade Social (INSS), que se arrasta desde agosto do ano passado, tem aumentado o tempo de espera de trabalhadores que&hellip;<\/p>","protected":false},"author":1,"featured_media":101716,"comment_status":"closed","ping_status":"open","sticky":false,"template":"","format":"standard","meta":{"content-type":"","footnotes":""},"categories":[16],"tags":[123,2448,5313,1267],"class_list":["post-101715","post","type-post","status-publish","format-standard","has-post-thumbnail","hentry","category-noticias","tag-brasil","tag-diario","tag-noticia","tag-noticias"],"_links":{"self":[{"href":"https:\/\/tvbrazilusa.com\/pt\/wp-json\/wp\/v2\/posts\/101715","targetHints":{"allow":["GET"]}}],"collection":[{"href":"https:\/\/tvbrazilusa.com\/pt\/wp-json\/wp\/v2\/posts"}],"about":[{"href":"https:\/\/tvbrazilusa.com\/pt\/wp-json\/wp\/v2\/types\/post"}],"author":[{"embeddable":true,"href":"https:\/\/tvbrazilusa.com\/pt\/wp-json\/wp\/v2\/users\/1"}],"replies":[{"embeddable":true,"href":"https:\/\/tvbrazilusa.com\/pt\/wp-json\/wp\/v2\/comments?post=101715"}],"version-history":[{"count":1,"href":"https:\/\/tvbrazilusa.com\/pt\/wp-json\/wp\/v2\/posts\/101715\/revisions"}],"predecessor-version":[{"id":101717,"href":"https:\/\/tvbrazilusa.com\/pt\/wp-json\/wp\/v2\/posts\/101715\/revisions\/101717"}],"wp:featuredmedia":[{"embeddable":true,"href":"https:\/\/tvbrazilusa.com\/pt\/wp-json\/wp\/v2\/media\/101716"}],"wp:attachment":[{"href":"https:\/\/tvbrazilusa.com\/pt\/wp-json\/wp\/v2\/media?parent=101715"}],"wp:term":[{"taxonomy":"category","embeddable":true,"href":"https:\/\/tvbrazilusa.com\/pt\/wp-json\/wp\/v2\/categories?post=101715"},{"taxonomy":"post_tag","embeddable":true,"href":"https:\/\/tvbrazilusa.com\/pt\/wp-json\/wp\/v2\/tags?post=101715"}],"curies":[{"name":"wp","href":"https:\/\/api.w.org\/{rel}","templated":true}]}}