{"id":101742,"date":"2025-02-11T20:32:33","date_gmt":"2025-02-11T20:32:33","guid":{"rendered":"https:\/\/tvbrazilusa.com\/2025\/02\/11\/atlas-lula-cai-e-tarcisio-assume-melhor-saldo-de-imagem-entre-politicos\/"},"modified":"2025-02-11T20:32:37","modified_gmt":"2025-02-11T20:32:37","slug":"atlas-lula-cai-e-tarcisio-assume-melhor-saldo-de-imagem-entre-politicos","status":"publish","type":"post","link":"https:\/\/tvbrazilusa.com\/pt\/2025\/02\/11\/atlas-lula-cai-e-tarcisio-assume-melhor-saldo-de-imagem-entre-politicos\/","title":{"rendered":"Atlas: Lula cai e Tarc\u00edsio assume melhor saldo de imagem entre pol\u00edticos"},"content":{"rendered":"<p> <script async src=\"https:\/\/pagead2.googlesyndication.com\/pagead\/js\/adsbygoogle.js?client=ca-pub-8864793242727901\"\r\n     crossorigin=\"anonymous\"><\/script><br \/>\n<\/p>\n<div id=\"taboola-read-more\" style=\"display:block; width:100%\">\n<p>Embora o percentual das pessoas que t\u00eam uma percep\u00e7\u00e3o negativa do governador de S\u00e3o Paulo, Tarc\u00edsio de Freitas (Republicanos), seja maior do que os que o veem de maneira positiva, o chefe do Executivo paulista \u00e9 o l\u00edder pol\u00edtico com melhor saldo de imagem entre as principais autoridades brasileiras, segundo pesquisa AtlasIntel\/Bloomberg divulgada nesta ter\u00e7a-feira (11).\n<\/p>\n<p>Ao serem questionados sobre a imagem das lideran\u00e7as, 48% dos entrevistados disseram ter uma percep\u00e7\u00e3o negativa do governador, enquanto 44% t\u00eam uma imagem positiva. Outros 9% disseram n\u00e3o saber.<\/p>\n<p>Na pesquisa anterior, de dezembro de 2024, o presidente Luiz In\u00e1cio Lula da Silva (PT) era o pol\u00edtico com melhor saldo de imagem. Na ocasi\u00e3o, o petista acumulava 51% de imagem positiva, contra 46% de negativa. Agora, Lula aparece com 51% de negativa e 42% de positiva.\n<\/p>\n<p>O levantamento tamb\u00e9m traz a s\u00e9rie hist\u00f3rica do \u00edndice de outras quatro lideran\u00e7as, al\u00e9m de Lula e Tarc\u00edsio: Fernando Haddad, Jair Bolsonaro, Michelle Bolsonaro e Janja.\n<\/p>\n<p>O instituto ouviu 3.125 pessoas entre os dias 27 e 31 de janeiro. A margem de erro \u00e9 de 2 pontos percentuais, para mais ou para menos, e o n\u00edvel de confian\u00e7a \u00e9 de 95%.\n<\/p>\n<p>A pesquisa foi realizada por meio de recrutamento digital aleat\u00f3rio, em que os entrevistados s\u00e3o recrutados organicamente durante a navega\u00e7\u00e3o na internet em territ\u00f3rios geolocalizados.\n<\/p>\n<p>Fonte: CNN Brasil              <\/p>\n<\/div>\n<p><br \/>\n<br \/><a href=\"https:\/\/diariodobrasilnoticias.com.br\/noticia\/atlas-lula-cai-e-tarcisio-assume-melhor-saldo-de-imagem-entre-politicos-67ab9b992edd7\">Source link <\/a><\/p>","protected":false},"excerpt":{"rendered":"<p>Embora o percentual das pessoas que t\u00eam uma percep\u00e7\u00e3o negativa do governador de S\u00e3o Paulo, Tarc\u00edsio de Freitas (Republicanos), seja maior do que os que o veem de maneira positiva,&hellip;<\/p>","protected":false},"author":1,"featured_media":101743,"comment_status":"closed","ping_status":"open","sticky":false,"template":"","format":"standard","meta":{"content-type":"","footnotes":""},"categories":[16],"tags":[123,2448,5313,1267],"class_list":["post-101742","post","type-post","status-publish","format-standard","has-post-thumbnail","hentry","category-noticias","tag-brasil","tag-diario","tag-noticia","tag-noticias"],"_links":{"self":[{"href":"https:\/\/tvbrazilusa.com\/pt\/wp-json\/wp\/v2\/posts\/101742","targetHints":{"allow":["GET"]}}],"collection":[{"href":"https:\/\/tvbrazilusa.com\/pt\/wp-json\/wp\/v2\/posts"}],"about":[{"href":"https:\/\/tvbrazilusa.com\/pt\/wp-json\/wp\/v2\/types\/post"}],"author":[{"embeddable":true,"href":"https:\/\/tvbrazilusa.com\/pt\/wp-json\/wp\/v2\/users\/1"}],"replies":[{"embeddable":true,"href":"https:\/\/tvbrazilusa.com\/pt\/wp-json\/wp\/v2\/comments?post=101742"}],"version-history":[{"count":1,"href":"https:\/\/tvbrazilusa.com\/pt\/wp-json\/wp\/v2\/posts\/101742\/revisions"}],"predecessor-version":[{"id":101744,"href":"https:\/\/tvbrazilusa.com\/pt\/wp-json\/wp\/v2\/posts\/101742\/revisions\/101744"}],"wp:featuredmedia":[{"embeddable":true,"href":"https:\/\/tvbrazilusa.com\/pt\/wp-json\/wp\/v2\/media\/101743"}],"wp:attachment":[{"href":"https:\/\/tvbrazilusa.com\/pt\/wp-json\/wp\/v2\/media?parent=101742"}],"wp:term":[{"taxonomy":"category","embeddable":true,"href":"https:\/\/tvbrazilusa.com\/pt\/wp-json\/wp\/v2\/categories?post=101742"},{"taxonomy":"post_tag","embeddable":true,"href":"https:\/\/tvbrazilusa.com\/pt\/wp-json\/wp\/v2\/tags?post=101742"}],"curies":[{"name":"wp","href":"https:\/\/api.w.org\/{rel}","templated":true}]}}