{"id":101748,"date":"2025-02-11T20:44:51","date_gmt":"2025-02-11T20:44:51","guid":{"rendered":"https:\/\/tvbrazilusa.com\/2025\/02\/11\/quando-terminar-o-mandato-voces-vao-dizer-lulinha-fica-diz-lula\/"},"modified":"2025-02-11T20:44:53","modified_gmt":"2025-02-11T20:44:53","slug":"quando-terminar-o-mandato-voces-vao-dizer-lulinha-fica-diz-lula","status":"publish","type":"post","link":"https:\/\/tvbrazilusa.com\/pt\/2025\/02\/11\/quando-terminar-o-mandato-voces-vao-dizer-lulinha-fica-diz-lula\/","title":{"rendered":"Quando terminar o mandato, voc\u00eas v\u00e3o dizer: Lulinha, fica!, diz Lula"},"content":{"rendered":"<p> <script async src=\"https:\/\/pagead2.googlesyndication.com\/pagead\/js\/adsbygoogle.js?client=ca-pub-8864793242727901\"\r\n     crossorigin=\"anonymous\"><\/script><br \/>\n<\/p>\n<div id=\"taboola-read-more\" style=\"display:block; width:100%\">\n<p>Em fala sobre o crescimento do Brasil, durante cerim\u00f4nia de abertura do Encontro Nacional de Novos Prefeitos e Prefeitas, nesta ter\u00e7a-feira (11), o presidente Luiz In\u00e1cio Lula da Silva (PT) afirmou que, quando terminar o terceiro mandato como chefe do Executivo, os prefeitos v\u00e3o pedir: \u201cLulinha, fica!\u201d.\n<\/p>\n<p>\u201cEstejam certos, n\u00e3o precisa ningu\u00e9m falar, eu sou muito humilde, mas eu duvido que, na hist\u00f3ria desse pa\u00eds, teve um presidente que j\u00e1 cuidou desse prefeitos como eu j\u00e1 cuidei. Quando eu terminar o meu mandato, voc\u00eas v\u00e3o dizer: Lulinha, fica, porque n\u00f3s precisamos de um presidente que goste de n\u00f3s\u201d, afirmou o chefe do Executivo.<\/p>\n<p>Durante o evento, Lula ressaltou a import\u00e2ncia do di\u00e1logo do governo federal com os munic\u00edpios. Segundo ele, um depende do outro.\n<\/p>\n<p>\u201cEu voltei a governar esse pa\u00eds com a \u00fanica responsabilidade de provar, mais uma vez, que esse pa\u00eds tende a ser um pa\u00eds altamente desenvolvido e ele s\u00f3 ser\u00e1 desenvolvido se a cidade for desenvolvida. N\u00e3o h\u00e1 estado rico com cidade pobre e n\u00e3o h\u00e1 cidade rica com estado pobre, \u00e9 preciso que haja um compartilhamento das coisas\u201d, disse o presidente.\n<\/p>\n<p>O evento se iniciou nesta ter\u00e7a-feira (11) e ser\u00e1 encerrado na pr\u00f3xima quinta-feira (13). O objetivo \u00e9 fortalecer o pacto federativo, segundo o governo.\n<\/p>\n<p>\u201cPara um prefeito rec\u00e9m-eleito, que \u00e9 a primeira vez que vem ao encontro de prefeitos com o governo federal, ele pode achar que \u00e9 uma coisa trivial, isso acontece sempre e n\u00e3o \u00e9 verdade. Isso demorou muito para acontecer. Nesse querido pa\u00eds, houve um tempo em que prefeito n\u00e3o era recebido por presidente da Rep\u00fablica e, muitas vezes, quem recebia os prefeitos aqui eram policiais armados\u201d, disse Lula.\n<\/p>\n<p>O mandat\u00e1rio afirmou ainda que tem \u201cmuito orgulho\u201d de ter come\u00e7ado o ano de 2023, o primeiro ano do terceiro mandato, convocando uma reuni\u00e3o entre os 27 governadores do Brasil.\n<\/p>\n<p>\u201cEu voltei a governar esse pa\u00eds com a \u00fanica responsabilidade de provar, mais uma vez, que esse pa\u00eds tende a ser um pa\u00eds altamente desenvolvido\u201d, completou.\n<\/p>\n<p>Fonte: CNN Brasil              <\/p>\n<\/div>\n<p><br \/>\n<br \/><a href=\"https:\/\/diariodobrasilnoticias.com.br\/noticia\/quando-terminar-o-mandato-voces-vao-dizer-lulinha-fica-diz-lula-67ab993c3f852\">Source link <\/a><\/p>","protected":false},"excerpt":{"rendered":"<p>Em fala sobre o crescimento do Brasil, durante cerim\u00f4nia de abertura do Encontro Nacional de Novos Prefeitos e Prefeitas, nesta ter\u00e7a-feira (11), o presidente Luiz In\u00e1cio Lula da Silva (PT)&hellip;<\/p>","protected":false},"author":1,"featured_media":101749,"comment_status":"closed","ping_status":"open","sticky":false,"template":"","format":"standard","meta":{"content-type":"","footnotes":""},"categories":[16],"tags":[123,2448,5313,1267],"class_list":["post-101748","post","type-post","status-publish","format-standard","has-post-thumbnail","hentry","category-noticias","tag-brasil","tag-diario","tag-noticia","tag-noticias"],"_links":{"self":[{"href":"https:\/\/tvbrazilusa.com\/pt\/wp-json\/wp\/v2\/posts\/101748","targetHints":{"allow":["GET"]}}],"collection":[{"href":"https:\/\/tvbrazilusa.com\/pt\/wp-json\/wp\/v2\/posts"}],"about":[{"href":"https:\/\/tvbrazilusa.com\/pt\/wp-json\/wp\/v2\/types\/post"}],"author":[{"embeddable":true,"href":"https:\/\/tvbrazilusa.com\/pt\/wp-json\/wp\/v2\/users\/1"}],"replies":[{"embeddable":true,"href":"https:\/\/tvbrazilusa.com\/pt\/wp-json\/wp\/v2\/comments?post=101748"}],"version-history":[{"count":1,"href":"https:\/\/tvbrazilusa.com\/pt\/wp-json\/wp\/v2\/posts\/101748\/revisions"}],"predecessor-version":[{"id":101750,"href":"https:\/\/tvbrazilusa.com\/pt\/wp-json\/wp\/v2\/posts\/101748\/revisions\/101750"}],"wp:featuredmedia":[{"embeddable":true,"href":"https:\/\/tvbrazilusa.com\/pt\/wp-json\/wp\/v2\/media\/101749"}],"wp:attachment":[{"href":"https:\/\/tvbrazilusa.com\/pt\/wp-json\/wp\/v2\/media?parent=101748"}],"wp:term":[{"taxonomy":"category","embeddable":true,"href":"https:\/\/tvbrazilusa.com\/pt\/wp-json\/wp\/v2\/categories?post=101748"},{"taxonomy":"post_tag","embeddable":true,"href":"https:\/\/tvbrazilusa.com\/pt\/wp-json\/wp\/v2\/tags?post=101748"}],"curies":[{"name":"wp","href":"https:\/\/api.w.org\/{rel}","templated":true}]}}