{"id":101757,"date":"2025-02-11T21:13:55","date_gmt":"2025-02-11T21:13:55","guid":{"rendered":"https:\/\/tvbrazilusa.com\/2025\/02\/11\/alunos-de-nj-conversam-com-o-astronauta-da-nasa-circulando-250-milhas-acima-da-terra\/"},"modified":"2025-02-11T21:19:30","modified_gmt":"2025-02-11T21:19:30","slug":"alunos-de-nj-conversam-com-o-astronauta-da-nasa-circulando-250-milhas-acima-da-terra","status":"publish","type":"post","link":"https:\/\/tvbrazilusa.com\/pt\/2025\/02\/11\/alunos-de-nj-conversam-com-o-astronauta-da-nasa-circulando-250-milhas-acima-da-terra\/","title":{"rendered":"Alunos de NJ conversam com o astronauta da NASA circulando 250 milhas acima da terra"},"content":{"rendered":"<script async src=\"https:\/\/pagead2.googlesyndication.com\/pagead\/js\/adsbygoogle.js?client=ca-pub-8864793242727901\"\r\n     crossorigin=\"anonymous\"><\/script>\n<div>\n<p class=\"article__paragraph article__paragraph--left\" id=\"JQSIGQJJOVGWTICETOZEIOIBJA\">Os alunos de uma escola charter de Somerset County tiveram uma experi\u00eancia fora deste mundo na ter\u00e7a -feira, enquanto questionava um astronauta dos EUA estacionado a bordo do <a href=\"https:\/\/www.nasa.gov\/international-space-station\/\" target=\"_blank\">Esta\u00e7\u00e3o Espacial Internacional<\/a>.<\/p>\n<p class=\"article__paragraph article__paragraph--left\" id=\"I42P6WX5ARDR5JJJYKXXYV2TM4\">Astronauta da NASA <a href=\"https:\/\/www.nasa.gov\/people\/nick-hague\/\" target=\"_blank\">Nick Hague<\/a> estava a cerca de 250 milhas da terra quando ele respondeu uma d\u00fazia de perguntas pr\u00e9-gravadas de estudantes no <a href=\"https:\/\/teecs.org\/\" target=\"_blank\">Thomas Edison Energysmart Charter School <\/a>em Franklin Township.<\/p>\n<p class=\"article__paragraph article__paragraph--left\" id=\"AB7VS67UKZBC5MNMQXVJNOK4O4\">A sess\u00e3o de 20 minutos foi transmitida por <a href=\"https:\/\/www.nasa.gov\/live\/\" target=\"_blank\" rel=\"\" title=\"https:\/\/www.nasa.gov\/live\/\">NASA+<\/a>o servi\u00e7o de streaming da ag\u00eancia espacial, a partir das 11h10 no gin\u00e1sio da escola.<\/p>\n<p class=\"article__paragraph article__paragraph--left\" id=\"SZX7ANNSI5AGXMGIANMZX34OVQ\">Os alunos do jardim de inf\u00e2ncia at\u00e9 a nona s\u00e9rie fizeram remotamente perguntas sobre uma ampla gama de t\u00f3picos que ofereceram informa\u00e7\u00f5es sobre a vida a bordo da esta\u00e7\u00e3o espacial, que a NASA descreve em seu site como um &#8220;laborat\u00f3rio em orbitamento&#8221; que circula a Terra 16 vezes por dia.<\/p>\n<p class=\"article__paragraph article__paragraph--left\" id=\"W3XNNK3SJZHFFKIXA7SWUTE3MU\">&#8220;Voc\u00ea pode ir plantar na esta\u00e7\u00e3o espacial?&#8221; perguntou o aluno Nida Rafic.<\/p>\n<p class=\"article__paragraph article__paragraph--left\" id=\"FFAXAO2Z7VHMPEBIUWFAKQFTGI\">Sim, respondeu Haia. Ele discutiu esfor\u00e7os bem -sucedidos para cultivar trigo, tomates e algas como parte do futuro plano da NASA de retornar \u00e0 lua e, eventualmente, chegar a Marte.<\/p>\n<p class=\"article__paragraph article__paragraph--left\" id=\"YVD7X77N4FBNZDJT4ETWH4KYJI\">\u201cAprender a crescer e a nos sustentar enquanto exploramos mais e mais profundamente para o universo \u00e9 importante. Quando vamos para a lua, e ent\u00e3o passamos para Marte, teremos que descobrir como nos alimentar. N\u00e3o seremos capazes de levar todos os nossos suprimentos conosco, como temos na esta\u00e7\u00e3o espacial \u201d, disse Hague.<\/p>\n<p class=\"article__paragraph article__paragraph--left\" id=\"5W6TUQXXI5BGXMBLKXGRVNEZ54\">Haia est\u00e1 no espa\u00e7o desde 28 de setembro, quando lan\u00e7ou da Fl\u00f3rida como comandante da miss\u00e3o SpaceX Crew-9 da NASA, ao lado do companheiro de equipe Aleksandr Gorbunov. Ambos est\u00e3o servindo como engenheiros de v\u00f4o a bordo da esta\u00e7\u00e3o espacial por mais de cinco meses.<\/p>\n<p class=\"article__paragraph article__paragraph--left\" id=\"KDEOJZFFJJBYJJ6FNMUPVRP7QU\">Eles est\u00e3o na esta\u00e7\u00e3o espacial com <a href=\"https:\/\/www.cbsnews.com\/news\/nasa-astronauts-suni-williams-space-interview\/\" target=\"_blank\" rel=\"\" title=\"https:\/\/www.cbsnews.com\/news\/nasa-astronauts-suni-williams-space-interview\/\">Sunita Williams e Barry &#8220;Butch&#8221; Wilmore<\/a>os pilotos de teste e os capit\u00e3es aposentados da Marinha, que deveriam ir ao espa\u00e7o por oito dias, mas tiveram sua estadia estendida a mais de nove meses. Eles est\u00e3o prontos para voltar \u00e0 Terra com Haia e Gorbunov no pr\u00f3ximo m\u00eas.<\/p>\n<p class=\"article__paragraph article__paragraph--left\" id=\"XAXDJ3KHQBFXHJDECYQWOQS5LI\">Os alunos perguntaram a Hague sobre o trabalho que os astronautas fazem na esta\u00e7\u00e3o espacial.<\/p>\n<p class=\"article__paragraph article__paragraph--left\" id=\"TTJETKGDKVCR5HEOBHYAJBZVLA\">O aluno Aarjav Shah perguntou: &#8220;Que tipo de dados voc\u00ea coleta e isso ajuda voc\u00ea a estudar o clima?&#8221;<\/p>\n<p class=\"article__paragraph article__paragraph--left\" id=\"4UYULQAAWBEYBIL26ZWNBRWVM4\">Haia deu v\u00e1rios exemplos. Ele disse que pequenos sat\u00e9lites ocasionalmente s\u00e3o lan\u00e7ados a partir da esta\u00e7\u00e3o espacial, os sensores externos fornecem regularmente feedback sobre a composi\u00e7\u00e3o da atmosfera e as fotos ajudam a rastrear mudan\u00e7as na superf\u00edcie da Terra.<\/p>\n<p class=\"article__paragraph article__paragraph--left\" id=\"AKA5YADLMBG5FOJHKRBASHQ5SQ\">&#8220;Estamos olhando para a Terra tanto quanto estamos olhando para o espa\u00e7o&#8221;, disse Hague.<\/p>\n<p class=\"article__paragraph article__paragraph--left\" id=\"NCC4GHBTGRDMFNVZGQHQMY3RTE\">Antes do bate -papo da NASA, um segundo astronauta estava na academia e conversou com os alunos. Gregory Linteris serviu como astronauta especialista em carga \u00fatil em duas miss\u00f5es espaciais nos anos 90.<\/p>\n<p class=\"article__paragraph article__paragraph--left\" id=\"I42P6WX5ARDR5JJJYKXXYV2TM4\">Thomas Edison Energysmart Charter School \u00e9 a segunda escola de Nova Jersey em um m\u00eas a participar do programa de divulga\u00e7\u00e3o da NASA que conecta os alunos aos membros da tripula\u00e7\u00e3o da esta\u00e7\u00e3o espacial. Alunos do distrito escolar regional do Rio Toms, em Ocean County<a href=\"https:\/\/www.nasa.gov\/news-release\/new-jersey-students-to-hear-from-nasa-astronauts-aboard-space-station\/\" target=\"_blank\" title=\"https:\/\/www.nasa.gov\/news-release\/new-jersey-students-to-hear-from-nasa-astronauts-aboard-space-station\/\"> Os astronautas questionados Don Pettit e Butch Wilmore em 14 de janeiro.<\/a><\/p>\n<p class=\"article__paragraph article__paragraph--left\" id=\"JSZABZFW2FHLDCUNFBIM2X6RX4\">Hague, 49 anos, \u00e9 natural do Kansas e serviu na For\u00e7a A\u00e9rea dos EUA antes de se tornar um astronauta em 2013.<\/p>\n<p class=\"article__paragraph article__paragraph--left\" id=\"J3W4F3Y2NZBLFDIH4BO64MZW3I\">Quando o sinal foi perdido brevemente na ter\u00e7a -feira, tr\u00eas minutos ap\u00f3s a discuss\u00e3o, Hague explicou aos alunos que as interrup\u00e7\u00f5es s\u00e3o uma realidade inevit\u00e1vel de acelerar ao redor da Terra.<\/p>\n<p class=\"article__paragraph article__paragraph--left\" id=\"4UYULQAAWBEYBIL26ZWNBRWVM4\">&#8220;Estamos t\u00e3o r\u00e1pido na terra que temos que trocar de sat\u00e9lites&#8221;, disse Hague.<\/p>\n<p class=\"article__paragraph article__paragraph--left\" id=\"M72ZEMPCONEA7MZOC7WCPKQN6U\">Algumas das perguntas se concentraram em t\u00f3picos experimentais.<\/p>\n<p class=\"article__paragraph article__paragraph--left\" id=\"AZJRGJT6RFEN3A6GALMIPMDCGU\">\u201cVoc\u00ea j\u00e1 explodiu um bal\u00e3o na esta\u00e7\u00e3o espacial? Se sim, como \u00e9 diferente quando voc\u00ea faz isso na terra? \u201d perguntou o aluno Om Patel.<\/p>\n<p class=\"article__paragraph article__paragraph--left\" id=\"UC6AL7S7JJF43OMK2HXEHF5ZVA\">Hague respondeu que a equipe o fez recentemente, para comemorar um anivers\u00e1rio.<\/p>\n<p class=\"article__paragraph article__paragraph--left\" id=\"OGREDGE4BJED3H4PGCKGQKSX7Q\">\u201cSe eu colocar ar quente, se eu colocar h\u00e9lio, esse bal\u00e3o n\u00e3o quer subir, e a raz\u00e3o pela qual n\u00e3o quer subir \u00e9 porque tudo flutua aqui. Estamos todos nesse ambiente de micro-gravidade. At\u00e9 eu flutua. Ent\u00e3o, se eu explodir um bal\u00e3o, e encher\u00e1 -lo cheio de h\u00e9lio, ele ficar\u00e1 aqui \u201d, disse Hague.<\/p>\n<p class=\"article__paragraph article__paragraph--left\" id=\"JSZABZFW2FHLDCUNFBIM2X6RX4\">Betul Arsian perguntou: &#8220;Qual foi o seu momento mais assustador no espa\u00e7o?&#8221;<\/p>\n<p class=\"article__paragraph article__paragraph--left\" id=\"2HCJO6EDHBAB7G2VPGHW4KDDKY\">Hague discutiu um mau funcionamento do foguete em seu primeiro lan\u00e7amento na esta\u00e7\u00e3o espacial em 2018, na qual a c\u00e1psula teve que ser expulsa.<\/p>\n<p class=\"article__paragraph article__paragraph--left\" id=\"3JKIVWHWLFEW3OOKV3OENQXIFU\">&#8220;Meu momento mais assustador do espa\u00e7o estava tentando chegar ao espa\u00e7o&#8221;, disse Hague.<\/p>\n<section class=\"Stories-By-Author-module_wrapper__ezbcK Stories-By-Author-module_nj__Ap1-Y\"\/>\n<p class=\"article__paragraph article__paragraph--left\" id=\"BA7NUA7EKNDCRJZNGIEYNBT5PU\"><i>Por favor, assine agora e apoie o jornalismo local em que voc\u00ea confia e confie.<\/i><\/p>\n<p class=\"article__paragraph article__paragraph--left\" id=\"MGX74DE26RHFTANU2LUXOZMFTA\"><i>Rob Jennings pode ser alcan\u00e7ado em <\/i><a href=\"https:\/\/www.nj.com\/education\/2025\/02\/mailto:rjennings@njadvancemedia.com\"><i>rjennings@njadvancemedia.com<\/i><\/a><i>.<\/i><\/p>\n<\/div>\n<p><br \/>\n<br \/><a href=\"https:\/\/www.nj.com\/education\/2025\/02\/nj-students-chat-with-nasa-astronaut-circling-250-miles-above-the-earth.html\">Source link <\/a><\/p>","protected":false},"excerpt":{"rendered":"<p>Os alunos de uma escola charter de Somerset County tiveram uma experi\u00eancia fora deste mundo na ter\u00e7a -feira, enquanto questionava um astronauta dos EUA estacionado a bordo do Esta\u00e7\u00e3o Espacial&hellip;<\/p>","protected":false},"author":1,"featured_media":101758,"comment_status":"closed","ping_status":"open","sticky":false,"template":"","format":"standard","meta":{"content-type":"","footnotes":""},"categories":[1],"tags":[],"class_list":["post-101757","post","type-post","status-publish","format-standard","has-post-thumbnail","hentry","category-uncategorized"],"_links":{"self":[{"href":"https:\/\/tvbrazilusa.com\/pt\/wp-json\/wp\/v2\/posts\/101757","targetHints":{"allow":["GET"]}}],"collection":[{"href":"https:\/\/tvbrazilusa.com\/pt\/wp-json\/wp\/v2\/posts"}],"about":[{"href":"https:\/\/tvbrazilusa.com\/pt\/wp-json\/wp\/v2\/types\/post"}],"author":[{"embeddable":true,"href":"https:\/\/tvbrazilusa.com\/pt\/wp-json\/wp\/v2\/users\/1"}],"replies":[{"embeddable":true,"href":"https:\/\/tvbrazilusa.com\/pt\/wp-json\/wp\/v2\/comments?post=101757"}],"version-history":[{"count":1,"href":"https:\/\/tvbrazilusa.com\/pt\/wp-json\/wp\/v2\/posts\/101757\/revisions"}],"predecessor-version":[{"id":101759,"href":"https:\/\/tvbrazilusa.com\/pt\/wp-json\/wp\/v2\/posts\/101757\/revisions\/101759"}],"wp:featuredmedia":[{"embeddable":true,"href":"https:\/\/tvbrazilusa.com\/pt\/wp-json\/wp\/v2\/media\/101758"}],"wp:attachment":[{"href":"https:\/\/tvbrazilusa.com\/pt\/wp-json\/wp\/v2\/media?parent=101757"}],"wp:term":[{"taxonomy":"category","embeddable":true,"href":"https:\/\/tvbrazilusa.com\/pt\/wp-json\/wp\/v2\/categories?post=101757"},{"taxonomy":"post_tag","embeddable":true,"href":"https:\/\/tvbrazilusa.com\/pt\/wp-json\/wp\/v2\/tags?post=101757"}],"curies":[{"name":"wp","href":"https:\/\/api.w.org\/{rel}","templated":true}]}}