{"id":101760,"date":"2025-02-11T21:21:25","date_gmt":"2025-02-11T21:21:25","guid":{"rendered":"https:\/\/tvbrazilusa.com\/2025\/02\/11\/enviado-de-trump-a-russia-consegue-libertar-americano-preso-no-pais\/"},"modified":"2025-02-11T21:21:29","modified_gmt":"2025-02-11T21:21:29","slug":"enviado-de-trump-a-russia-consegue-libertar-americano-preso-no-pais","status":"publish","type":"post","link":"https:\/\/tvbrazilusa.com\/pt\/2025\/02\/11\/enviado-de-trump-a-russia-consegue-libertar-americano-preso-no-pais\/","title":{"rendered":"Enviado de Trump a R\u00fassia consegue libertar americano preso no pa\u00eds"},"content":{"rendered":"<p> <script async src=\"https:\/\/pagead2.googlesyndication.com\/pagead\/js\/adsbygoogle.js?client=ca-pub-8864793242727901\"\r\n     crossorigin=\"anonymous\"><\/script><br \/>\n<\/p>\n<div>\n<figure class=\"post-image\">\n<\/figure>\n<p>            <span style=\"font-size: 12px\"> 28\/06\/2019 REUTERS\/Kevin Lamarque<\/span><\/p>\n<p>            <!-- end metas --><br \/>\n            <!-- ADS --><\/p>\n<div id=\"taboola-read-more\" style=\"display:block; width:100%\">\n<p>O Conselheiro de Seguran\u00e7a Nacional, Mike Waltz, anunciou nesta ter\u00e7a-feira que o presidente Donald J. Trump e seu Enviado Especial, Steve Witkoff, conseguiram garantir a liberta\u00e7\u00e3o do americano Marc Fogel, que estava detido na R\u00fassia. Fogel, um professor americano, havia sido condenado a uma pena de 14 anos de pris\u00e3o por tr\u00e1fico de cannabis em &#8220;grande escala&#8221; ap\u00f3s ser encontrado com maconha e \u00f3leo de haxixe em sua bagagem no Aeroporto de Sheremetyevo, em Moscou. Esta liberta\u00e7\u00e3o \u00e9 vista como um sinal de progresso nas rela\u00e7\u00f5es entre os Estados Unidos e a R\u00fassia, especialmente em um contexto de tens\u00f5es geopol\u00edticas.\n<\/p>\n<p>Marc Fogel, que come\u00e7ou a cumprir sua senten\u00e7a em junho de 2022, foi designado como detido injustamente pelo governo dos EUA apenas no final de 2024. A sua libera\u00e7\u00e3o foi negociada por Trump e Witkoff, que conseguiram um acordo de troca de prisioneiros com a R\u00fassia. A negocia\u00e7\u00e3o \u00e9 considerada um gesto de boa-f\u00e9 por parte do governo russo, potencialmente indicando uma abertura para futuras negocia\u00e7\u00f5es que poderiam ajudar a aliviar as tens\u00f5es na regi\u00e3o do conflito ucraniano.<\/p>\n<p>Esta a\u00e7\u00e3o diplom\u00e1tica de Trump \u00e9 vista como uma continua\u00e7\u00e3o de seus esfor\u00e7os para trazer de volta para os Estados Unidos cidad\u00e3os detidos no exterior. Embora os detalhes espec\u00edficos do acordo n\u00e3o tenham sido revelados, \u00e9 claro que envolveu concess\u00f5es de ambos os lados. Fogel deve chegar ao solo americano ainda esta noite, onde ser\u00e1 reunido com sua fam\u00edlia, marcando um momento de al\u00edvio e esperan\u00e7a para aqueles que aguardavam sua liberta\u00e7\u00e3o h\u00e1 anos.\n<\/p>\n<p>Por J\u00fanior Melo              <\/p>\n<\/div>\n<p>                        <!-- Scripts para conteudo --><\/p>\n<p>            <!-- .\/Scripts para conteudo --><br \/>\n            <!-- .\/Mat\u00e9ria --><\/p>\n<div class=\"row mt-3\">\n<div class=\"col-sm-6\">\n                <!-- Whatsapp channel 3--><br \/>\n                <a href=\"https:\/\/chat.whatsapp.com\/B8Qy6Erx4kb6yTzj3kaDco\" target=\"_blank\"><br \/>\n                  <img decoding=\"async\" src=\"https:\/\/diariodobrasilnoticias.com.br\/assets-site\/images\/bot_whatsapp.png\"\/><\/a>\n              <\/div>\n<div class=\"col-sm-6\">\n                <a href=\"https:\/\/t.me\/+_4gTmi5LKo03OTM5\" target=\"_blank\"><br \/>\n                  <img decoding=\"async\" src=\"https:\/\/diariodobrasilnoticias.com.br\/assets-site\/images\/bot_telegram.png\"\/><\/a>\n              <\/div>\n<\/p><\/div>\n<p>            <!-- end post-navigation --><\/p>\n<p>              <!-- end row --><\/p>\n<p>              <!-- end col-12-->\n                      <\/div>\n<p><br \/>\n<br \/><a href=\"https:\/\/diariodobrasilnoticias.com.br\/noticia\/enviado-de-trump-a-russia-consegue-libertar-americano-preso-no-pais-67aba0c2e0f29\">Source link <\/a><\/p>","protected":false},"excerpt":{"rendered":"<p>28\/06\/2019 REUTERS\/Kevin Lamarque O Conselheiro de Seguran\u00e7a Nacional, Mike Waltz, anunciou nesta ter\u00e7a-feira que o presidente Donald J. Trump e seu Enviado Especial, Steve Witkoff, conseguiram garantir a liberta\u00e7\u00e3o do&hellip;<\/p>","protected":false},"author":1,"featured_media":101761,"comment_status":"closed","ping_status":"open","sticky":false,"template":"","format":"standard","meta":{"content-type":"","footnotes":""},"categories":[16],"tags":[123,2448,5313,1267],"class_list":["post-101760","post","type-post","status-publish","format-standard","has-post-thumbnail","hentry","category-noticias","tag-brasil","tag-diario","tag-noticia","tag-noticias"],"_links":{"self":[{"href":"https:\/\/tvbrazilusa.com\/pt\/wp-json\/wp\/v2\/posts\/101760","targetHints":{"allow":["GET"]}}],"collection":[{"href":"https:\/\/tvbrazilusa.com\/pt\/wp-json\/wp\/v2\/posts"}],"about":[{"href":"https:\/\/tvbrazilusa.com\/pt\/wp-json\/wp\/v2\/types\/post"}],"author":[{"embeddable":true,"href":"https:\/\/tvbrazilusa.com\/pt\/wp-json\/wp\/v2\/users\/1"}],"replies":[{"embeddable":true,"href":"https:\/\/tvbrazilusa.com\/pt\/wp-json\/wp\/v2\/comments?post=101760"}],"version-history":[{"count":1,"href":"https:\/\/tvbrazilusa.com\/pt\/wp-json\/wp\/v2\/posts\/101760\/revisions"}],"predecessor-version":[{"id":101762,"href":"https:\/\/tvbrazilusa.com\/pt\/wp-json\/wp\/v2\/posts\/101760\/revisions\/101762"}],"wp:featuredmedia":[{"embeddable":true,"href":"https:\/\/tvbrazilusa.com\/pt\/wp-json\/wp\/v2\/media\/101761"}],"wp:attachment":[{"href":"https:\/\/tvbrazilusa.com\/pt\/wp-json\/wp\/v2\/media?parent=101760"}],"wp:term":[{"taxonomy":"category","embeddable":true,"href":"https:\/\/tvbrazilusa.com\/pt\/wp-json\/wp\/v2\/categories?post=101760"},{"taxonomy":"post_tag","embeddable":true,"href":"https:\/\/tvbrazilusa.com\/pt\/wp-json\/wp\/v2\/tags?post=101760"}],"curies":[{"name":"wp","href":"https:\/\/api.w.org\/{rel}","templated":true}]}}