{"id":10177,"date":"2024-07-27T20:29:01","date_gmt":"2024-07-27T20:29:01","guid":{"rendered":"https:\/\/tvbrazilusa.com\/2024\/07\/27\/o-que-esperar-das-olimpiadas-de-paris-2024-simone-biles-estreia-em-paris-no-domingo-28-de-julho\/"},"modified":"2024-07-27T21:45:15","modified_gmt":"2024-07-27T21:45:15","slug":"o-que-esperar-das-olimpiadas-de-paris-2024-simone-biles-estreia-em-paris-no-domingo-28-de-julho","status":"publish","type":"post","link":"https:\/\/tvbrazilusa.com\/pt\/2024\/07\/27\/o-que-esperar-das-olimpiadas-de-paris-2024-simone-biles-estreia-em-paris-no-domingo-28-de-julho\/","title":{"rendered":"O que esperar das Olimp\u00edadas de Paris 2024: Simone Biles estreia em Paris no domingo, 28 de julho"},"content":{"rendered":"<p> <script async src=\"https:\/\/pagead2.googlesyndication.com\/pagead\/js\/adsbygoogle.js?client=ca-pub-8864793242727901\"\r\n     crossorigin=\"anonymous\"><\/script><br \/>\n<\/p>\n<div id=\"\">\n<header class=\"m-article-header m-article-header--standard\">\n\t\t\t\t\t\t\t\t\t\t\t\t<span id=\"article-header-primary-term\"><br \/>\n\t\t\t\t\t\t\t\t<a class=\"a-term a-term--primary\" href=\"https:\/\/www.boston.com\/tag\/sports\/\"><\/p>\n<p>\t\t\t\t\t\t\t\tEsportes\t\t\t\t\t\t\t\t<\/a><br \/>\n\t\t\t\t\t\t\t<\/span><\/p>\n<h2 class=\"m-article-header__sub-headline\">Simone Biles e a equipe de gin\u00e1stica feminina dos EUA est\u00e3o na Subdivis\u00e3o 2, come\u00e7ando \u00e0s 11:40 da manh\u00e3 em Paris (5:40 da manh\u00e3 EST). Elas come\u00e7ar\u00e3o na trave de equil\u00edbrio.<\/h2>\n<figure class=\"a-photo m-article-header__photo\"><figcaption class=\"a-photo__caption\">\n<p>\tSimone Biles participa de um treino de gin\u00e1stica na Bercy Arena.<em> AP Photo\/Francisco Seco<\/em>\t<\/figcaption><\/figure>\n<div class=\"m-article-header__meta\">\n<div class=\"m-article-header__byline\">\n<p class=\"m-article-header__author\">\n<p>\t\t\t\t\t\t\t\tPor The Associated Press, Associated Press\t\t\t\t\t\t\t<\/p>\n<p>\t\t\t\t\t\t    \t\t\t\t\t\t\t<time class=\"m-article-header__date\"><\/p>\n<p>        \t\t\t\t\t\t\t27 de julho de 2024 | 16h29    \t\t\t\t\t\t\t<\/time><\/p><\/div>\n<\/p><\/div>\n<\/header>\n<p>Depois de alguns dias de chuva, o c\u00e9u ensolarado deve aparecer para o segundo dia completo de a\u00e7\u00e3o no <a href=\"https:\/\/www.boston.com\/sports\/sports\/2024\/07\/26\/paris-olympics-kicks-off-with-ambitious-but-rainy-opening-ceremony-on-the-seine-river\/\" target=\"_blank\" rel=\"noreferrer noopener\">Jogos Ol\u00edmpicos de Paris 2024.<\/a><\/p>\n<p>A competi\u00e7\u00e3o de domingo traz mais emo\u00e7\u00e3o em gin\u00e1stica, basquete e nata\u00e7\u00e3o. Aqui est\u00e3o as maiores hist\u00f3rias a seguir:<\/p>\n<p>Simone Biles e a equipe de gin\u00e1stica feminina dos EUA assumem o centro das aten\u00e7\u00f5es com a qualifica\u00e7\u00e3o na Bercy Arena. Biles est\u00e1 buscando ganhar sua quinta medalha de ouro ol\u00edmpica e a s\u00e9tima no geral. Ela ganhou duas medalhas em T\u00f3quio, apesar de ter se retirado do geral para se concentrar em sua sa\u00fade mental.<\/p>\n<figure class=\"wp-block-embed is-type-video is-provider-sendtonews wp-block-embed-sendtonews\">\n<\/figure>\n<p>A competi\u00e7\u00e3o come\u00e7a \u00e0s 9:30 am CEST (3:30 am EST) com a Subdivis\u00e3o 1. Biles e Cia. est\u00e3o na Subdivis\u00e3o 2, come\u00e7ando \u00e0s 11:40 am em Paris. Eles come\u00e7ar\u00e3o na trave de equil\u00edbrio.<\/p>\n<p>Biles ancorar\u00e1 tr\u00eas dos quatro eventos para os americanos no domingo: trave de equil\u00edbrio, exerc\u00edcio de solo e salto. Ela ser\u00e1 a pen\u00faltima nas barras assim\u00e9tricas. A atual campe\u00e3 geral Sunisa Lee e a medalhista de prata de T\u00f3quio Jordan Chiles tamb\u00e9m competir\u00e3o em todos os quatro eventos na qualifica\u00e7\u00e3o. As oito melhores equipes da qualifica\u00e7\u00e3o avan\u00e7am para a final da equipe na ter\u00e7a-feira.<\/p>\n<p>Os 24 melhores classificados individuais no geral chegar\u00e3o \u00e0s finais na quinta-feira. H\u00e1 um limite de dois ginastas por pa\u00eds.<\/p>\n<p>LeBron James, Stephen Curry e seus <a href=\"https:\/\/www.nba.com\/news\/usa-serbia-preview-olympics-group-play\" target=\"_blank\" rel=\"noreferrer noopener\">esquadr\u00e3o de estrelas dos EUA<\/a> come\u00e7am sua defesa de medalha contra Nikola Jokic e S\u00e9rvia. O jogo come\u00e7a \u00e0s 17h15 CEST (11h15 EST) no Est\u00e1dio Pierre Mauroy.<\/p>\n<p>A equipe dos EUA est\u00e1 buscando a quinta medalha de ouro consecutiva. Ela derrotou a S\u00e9rvia por 105-79 em um jogo de exibi\u00e7\u00e3o no in\u00edcio deste m\u00eas. Kevin Durant est\u00e1 lidando com uma distens\u00e3o na panturrilha, mas a equipe est\u00e1 esperan\u00e7osa de que ele jogue.<\/p>\n<p>Tamb\u00e9m no basquete, os homens do Sud\u00e3o do Sul enfrentam Porto Rico \u00e0s 11h CEST (5h EST), e as mulheres da S\u00e9rvia enfrentam Porto Rico \u00e0s 21h CEST (15h EST). A sele\u00e7\u00e3o feminina da S\u00e9rvia terminou em quarto lugar em 2020 e levou o bronze em 2016.<\/p>\n<p>A final individual de 400 metros medley masculino come\u00e7ar\u00e1 \u00e0s 20h30 CEST (14h30 EST), seguida pelos 100 borboleta femininos \u00e0s 20h40 CEST (14h40 EST). Outra medalha de ouro ser\u00e1 concedida nos 100 peito masculinos, com in\u00edcio previsto para 21h44 CEST (15h44 EST).<\/p>\n<div class=\"m-block m-generic-cta\t m-generic-cta--post-content\t m-generic-cta--dark\t m-generic-cta--homepage\t m-generic-cta--email-signup\t\t m-generic-cta-block-style--default \tt-amp__generic-cta\"><\/p>\n<div class=\"m-generic-cta__wrap\">\n<div class=\"m-generic-cta__content\">\n<h3 class=\"m-generic-cta__title\">Receba as \u00faltimas not\u00edcias esportivas de Boston<\/h3>\n<p class=\"m-generic-cta__subtitle\">Receba atualiza\u00e7\u00f5es sobre seus times favoritos de Boston, diretamente da nossa reda\u00e7\u00e3o para sua caixa de entrada.<\/p>\n<\/p><\/div>\n<\/p><\/div>\n<\/div><\/div>\n<p><script>\n\t\tvar consent=\"grant\";\n\t\t\/* The above code is parsing the JSON data from the local storage and storing it in a variable. *\/\n\t\t\t\t\tconst onetrustStorageConsent = JSON.parse(localStorage.getItem( 'consent_one_trust_bdc' ) );\n\t\t\tif ( ( onetrustStorageConsent !== null ) ) {\n\t\t\t\t\/* Checking to see if the user has consented to the use of cookies.\n\t\t\t\t* If they have not, it is deleting the cookie.\n\t\t\t\t* This will comment for now, until further notice.\n\t\t\t\t*\/\n\t\t\t\t\/\/if ( onetrustStorageConsent.C0002 === false ) {\n\t\t\t\t\/\/\tdocument.cookie=\"_fbp=;expires=Thu, 01 Jan 2010 00:00:00 UTC; path=\/; domain=.boston.com\";\n\t\t\t\t\/\/}\n\t\t\t\t\/* Checking if the user has given consent for the cookie C0002.\n\t\t\t\t* If the user has given consent, the variable consent will be set to 'grant'.\n\t\t\t\t* If the user has not given consent,the variable consent will be set to 'revoke'.\n\t\t\t\t* Documentation https:\/\/developers.facebook.com\/docs\/meta-pixel\/implementation\/gdpr\n\t\t\t\t*\/\n\t\t\t\tif ( onetrustStorageConsent.C0002 !== true ) {\n\t\t\t\t\tconsent=\"revoke\";\n\t\t\t\t}\n\t\t\t}\n\t\t\t\t!function(f,b,e,v,n,t,s)\n\t\t{if(f.fbq)return;n=f.fbq=function(){n.callMethod?\n\t\tn.callMethod.apply(n,arguments):n.queue.push(arguments)};\n\t\tif(!f._fbq)f._fbq=n;n.push=n;n.loaded=!0;n.version='2.0';\n\t\tn.queue=[];t=b.createElement(e);t.async=!0;\n\t\tt.src=v;s=b.getElementsByTagName(e)[0];\n\t\ts.parentNode.insertBefore(t,s)}(window, document,'script',\n\t\t'https:\/\/connect.facebook.net\/en_US\/fbevents.js');\n\t\tfbq('consent', consent);\n\t\tfbq('init', '989222871864976');\n\t\tfbq('track', 'PageView');\n\t<\/script><script type=\"module\">\n\t\tvar consent=\"grant\";\n\t\t\/* The above code is parsing the JSON data from the local storage and storing it in a variable. *\/\n\t\t\tconst onetrustStorageConsent = JSON.parse(localStorage.getItem( 'consent_one_trust_bdc' ) );\n\t\t\t\/* Checking to see if the user has consented to the use of cookies.\n\t\t\t* If they have not, it is deleting the cookie.\n\t\t\t* This will comment for now, until further notice.\n\t\t\t*\/\n\t\t\t\/\/if ( onetrustStorageConsent.C0002 === false ) {\n\t\t\t\/\/\tdocument.cookie=\"_fbp=;expires=Thu, 01 Jan 2010 00:00:00 UTC; path=\/; domain=.boston.com\";\n\t\t\t\/\/}\n\t\t\t\/* Checking if the user has given consent for the cookie C0002.\n\t\t\t* If the user has given consent, the variable consent will be set to 'grant'.\n\t\t\t* If the user has not given consent,the variable consent will be set to 'revoke'.\n\t\t\t* Documentation https:\/\/developers.facebook.com\/docs\/meta-pixel\/implementation\/gdpr\n\t\t\t*\/\n\t\t\tif ( ( onetrustStorageConsent !== null ) && (onetrustStorageConsent.C0002 !== true ) ) {\n\t\t\t\tconsent=\"revoke\";\n\t\t\t}\n\t\t\t\t!function(f,b,e,v,n,t,s){if(f.fbq)return;n=f.fbq=function()\n\t\t{n.callMethod? n.callMethod.apply(n,arguments):n.queue.push(arguments)}\n\t\t;if(!f._fbq)f._fbq=n;\n\t\tn.push=n;n.loaded=!0;n.version='2.0';n.queue=[];t=b.createElement(e);t.async=!0;\n\t\tt.src=v;s=b.getElementsByTagName(e)[0];s.parentNode.insertBefore(t,s)}(window,\n\t\tdocument,'script','https:\/\/connect.facebook.net\/en_US\/fbevents.js');\n\t\tfbq('consent', consent);\n\t\tfbq('init', '813236348753005');\n\t\tfbq('track', \"PageView\");\n\t<\/script><br \/>\n<br \/><br \/>\n<br \/><a href=\"https:\/\/www.boston.com\/sports\/sports\/2024\/07\/27\/2024-olympics-simone-biles-basketball-team-usa-what-to-watch\/\">Source link <\/a><\/p>","protected":false},"excerpt":{"rendered":"<p>Esportes Simone Biles e a equipe de gin\u00e1stica feminina dos EUA est\u00e3o na Subdivis\u00e3o 2, come\u00e7ando \u00e0s 11:40 da manh\u00e3 em Paris (5:40 da manh\u00e3 EST). Elas come\u00e7ar\u00e3o na trave&hellip;<\/p>","protected":false},"author":1,"featured_media":10178,"comment_status":"closed","ping_status":"open","sticky":false,"template":"","format":"standard","meta":{"content-type":"","footnotes":""},"categories":[1],"tags":[],"class_list":["post-10177","post","type-post","status-publish","format-standard","has-post-thumbnail","hentry","category-uncategorized"],"_links":{"self":[{"href":"https:\/\/tvbrazilusa.com\/pt\/wp-json\/wp\/v2\/posts\/10177","targetHints":{"allow":["GET"]}}],"collection":[{"href":"https:\/\/tvbrazilusa.com\/pt\/wp-json\/wp\/v2\/posts"}],"about":[{"href":"https:\/\/tvbrazilusa.com\/pt\/wp-json\/wp\/v2\/types\/post"}],"author":[{"embeddable":true,"href":"https:\/\/tvbrazilusa.com\/pt\/wp-json\/wp\/v2\/users\/1"}],"replies":[{"embeddable":true,"href":"https:\/\/tvbrazilusa.com\/pt\/wp-json\/wp\/v2\/comments?post=10177"}],"version-history":[{"count":1,"href":"https:\/\/tvbrazilusa.com\/pt\/wp-json\/wp\/v2\/posts\/10177\/revisions"}],"predecessor-version":[{"id":10179,"href":"https:\/\/tvbrazilusa.com\/pt\/wp-json\/wp\/v2\/posts\/10177\/revisions\/10179"}],"wp:featuredmedia":[{"embeddable":true,"href":"https:\/\/tvbrazilusa.com\/pt\/wp-json\/wp\/v2\/media\/10178"}],"wp:attachment":[{"href":"https:\/\/tvbrazilusa.com\/pt\/wp-json\/wp\/v2\/media?parent=10177"}],"wp:term":[{"taxonomy":"category","embeddable":true,"href":"https:\/\/tvbrazilusa.com\/pt\/wp-json\/wp\/v2\/categories?post=10177"},{"taxonomy":"post_tag","embeddable":true,"href":"https:\/\/tvbrazilusa.com\/pt\/wp-json\/wp\/v2\/tags?post=10177"}],"curies":[{"name":"wp","href":"https:\/\/api.w.org\/{rel}","templated":true}]}}