{"id":101777,"date":"2025-02-11T22:10:46","date_gmt":"2025-02-11T22:10:46","guid":{"rendered":"https:\/\/tvbrazilusa.com\/2025\/02\/11\/lula-diz-que-brasil-nao-teria-deficit-caso-governasse-para-ricos\/"},"modified":"2025-02-11T22:10:48","modified_gmt":"2025-02-11T22:10:48","slug":"lula-diz-que-brasil-nao-teria-deficit-caso-governasse-para-ricos","status":"publish","type":"post","link":"https:\/\/tvbrazilusa.com\/pt\/2025\/02\/11\/lula-diz-que-brasil-nao-teria-deficit-caso-governasse-para-ricos\/","title":{"rendered":"Lula diz que Brasil n\u00e3o teria d\u00e9ficit caso governasse para ricos"},"content":{"rendered":"<p> <script async src=\"https:\/\/pagead2.googlesyndication.com\/pagead\/js\/adsbygoogle.js?client=ca-pub-8864793242727901\"\r\n     crossorigin=\"anonymous\"><\/script><br \/>\n<\/p>\n<div id=\"taboola-read-more\" style=\"display:block; width:100%\">\n<p>Em um evento na segunda-feira 10, o presidente Luiz In\u00e1cio Lula da Silva (PT-SP) ironizou as cr\u00edticas sobre o d\u00e9ficit fiscal. Ele afirmou que governar para uma parcela reduzida da popula\u00e7\u00e3o, os \u201cricos\u201d, evitaria o d\u00e9ficit, j\u00e1 que a gest\u00e3o gastaria menos e receberia mais.\n<\/p>\n<p>\u201cNeste pa\u00eds, tem gente que acha que este pa\u00eds tinha que ser governado apenas para 35% da popula\u00e7\u00e3o\u201d, disse. \u201cApenas para 35% da popula\u00e7\u00e3o. A\u00ed a gente n\u00e3o tinha problema de Or\u00e7amento. A gente n\u00e3o teria problema de d\u00e9ficit fiscal, porque \u00e9 governar para menos gente, e gente com mais dinheiro\u201d.<\/p>\n<p>A fala \u00e9 uma \u201calfinetada\u201d direta a quem critica os d\u00e9ficits fiscais e o aumento da d\u00edvida p\u00fablica. Lula argumentou que despesas em \u00e1reas como educa\u00e7\u00e3o n\u00e3o s\u00e3o meros custos, mas, sim, investimentos essenciais para o pa\u00eds.\n<\/p>\n<p>Consultoria de Or\u00e7amento do Congresso envia a Lula previs\u00e3o de \u2018colapso\u2019 em 2027<br \/>Um estudo da Consultoria de Or\u00e7amento e Fiscaliza\u00e7\u00e3o Financeira do Congresso Nacional (Conof) alerta para um cen\u00e1rio fiscal preocupante para o governo Lula. O relat\u00f3rio prev\u00ea dificuldades or\u00e7ament\u00e1rias substanciais a partir de 2027.\n<\/p>\n<p>Os analistas Dayson Pereira de Almeida e Paulo Bijos destacam que o espa\u00e7o para despesas discricion\u00e1rias est\u00e1 em trajet\u00f3ria de redu\u00e7\u00e3o. Esses custos, essenciais para investimentos e manuten\u00e7\u00e3o da m\u00e1quina p\u00fablica, podem atingir n\u00edveis negativos ao longo da pr\u00f3xima d\u00e9cada. Clique no link abaixo e fa\u00e7a o download do documento na \u00edntegra.\n<\/p>\n<p>Embora haja previs\u00e3o de medidas de conten\u00e7\u00e3o para 2025, o que, na teoria, ofereceria um al\u00edvio tempor\u00e1rio, o agravamento se torna evidente a partir de 2027, conforme o estudo. Despesas obrigat\u00f3rias, como previd\u00eancia e emendas parlamentares, v\u00e3o consumir quase todo o Or\u00e7amento.\n<\/p>\n<p>\u201cA situa\u00e7\u00e3o discricion\u00e1ria do Or\u00e7amento federal j\u00e1 pode ser avaliada como cr\u00edtica, especialmente a partir de 2027\u201d, afirma o relat\u00f3rio. \u201cH\u00e1 tend\u00eancia de agravamento acelerado ao longo do horizonte projetado, entre os anos de 2025 e 2034.\u201d\n<\/p>\n<p>Nesse contexto, o governo poder\u00e1 enfrentar crescentes desafios para manter o funcionamento b\u00e1sico da administra\u00e7\u00e3o p\u00fablica. O relat\u00f3rio mostra que o espa\u00e7o fiscal para gastos discricion\u00e1rios livres dever\u00e1 ter dr\u00e1stica redu\u00e7\u00e3o, podendo atingir valores negativos j\u00e1 em 2029. Esse cen\u00e1rio pode levar a cortes emergenciais e paralisa\u00e7\u00e3o de servi\u00e7os.\n<\/p>\n<p>Fonte: Revista Oeste              <\/p>\n<\/div>\n<p><br \/>\n<br \/><a href=\"https:\/\/diariodobrasilnoticias.com.br\/noticia\/lula-diz-que-brasil-nao-teria-deficit-caso-governasse-para-ricos-67aba9742ffaf\">Source link <\/a><\/p>","protected":false},"excerpt":{"rendered":"<p>Em um evento na segunda-feira 10, o presidente Luiz In\u00e1cio Lula da Silva (PT-SP) ironizou as cr\u00edticas sobre o d\u00e9ficit fiscal. Ele afirmou que governar para uma parcela reduzida da&hellip;<\/p>","protected":false},"author":1,"featured_media":101778,"comment_status":"closed","ping_status":"open","sticky":false,"template":"","format":"standard","meta":{"content-type":"","footnotes":""},"categories":[16],"tags":[123,2448,5313,1267],"class_list":["post-101777","post","type-post","status-publish","format-standard","has-post-thumbnail","hentry","category-noticias","tag-brasil","tag-diario","tag-noticia","tag-noticias"],"_links":{"self":[{"href":"https:\/\/tvbrazilusa.com\/pt\/wp-json\/wp\/v2\/posts\/101777","targetHints":{"allow":["GET"]}}],"collection":[{"href":"https:\/\/tvbrazilusa.com\/pt\/wp-json\/wp\/v2\/posts"}],"about":[{"href":"https:\/\/tvbrazilusa.com\/pt\/wp-json\/wp\/v2\/types\/post"}],"author":[{"embeddable":true,"href":"https:\/\/tvbrazilusa.com\/pt\/wp-json\/wp\/v2\/users\/1"}],"replies":[{"embeddable":true,"href":"https:\/\/tvbrazilusa.com\/pt\/wp-json\/wp\/v2\/comments?post=101777"}],"version-history":[{"count":1,"href":"https:\/\/tvbrazilusa.com\/pt\/wp-json\/wp\/v2\/posts\/101777\/revisions"}],"predecessor-version":[{"id":101779,"href":"https:\/\/tvbrazilusa.com\/pt\/wp-json\/wp\/v2\/posts\/101777\/revisions\/101779"}],"wp:featuredmedia":[{"embeddable":true,"href":"https:\/\/tvbrazilusa.com\/pt\/wp-json\/wp\/v2\/media\/101778"}],"wp:attachment":[{"href":"https:\/\/tvbrazilusa.com\/pt\/wp-json\/wp\/v2\/media?parent=101777"}],"wp:term":[{"taxonomy":"category","embeddable":true,"href":"https:\/\/tvbrazilusa.com\/pt\/wp-json\/wp\/v2\/categories?post=101777"},{"taxonomy":"post_tag","embeddable":true,"href":"https:\/\/tvbrazilusa.com\/pt\/wp-json\/wp\/v2\/tags?post=101777"}],"curies":[{"name":"wp","href":"https:\/\/api.w.org\/{rel}","templated":true}]}}