{"id":101788,"date":"2025-02-11T22:49:49","date_gmt":"2025-02-11T22:49:49","guid":{"rendered":"https:\/\/tvbrazilusa.com\/2025\/02\/11\/franceses-sugerem-encerrar-as-atividades-da-capital-do-carrefour-brasil\/"},"modified":"2025-02-11T22:49:50","modified_gmt":"2025-02-11T22:49:50","slug":"franceses-sugerem-encerrar-as-atividades-da-capital-do-carrefour-brasil","status":"publish","type":"post","link":"https:\/\/tvbrazilusa.com\/pt\/2025\/02\/11\/franceses-sugerem-encerrar-as-atividades-da-capital-do-carrefour-brasil\/","title":{"rendered":"Franceses sugerem encerrar as atividades da capital do Carrefour Brasil"},"content":{"rendered":"<p> <script async src=\"https:\/\/pagead2.googlesyndication.com\/pagead\/js\/adsbygoogle.js?client=ca-pub-8864793242727901\"\r\n     crossorigin=\"anonymous\"><\/script><br \/>\n<\/p>\n<div id=\"taboola-read-more\" style=\"display:block; width:100%\">\n<p>O Carrefour Brasil anunciou nesta ter\u00e7a-feira (11) que o seu controlador, o grupo franc\u00eas Carrefour, apresentou proposta para converter a companhia em subsidi\u00e1ria integral, com a consequente deslistagem das a\u00e7\u00f5es na bolsa brasileira.\n<\/p>\n<p>A potencial transa\u00e7\u00e3o ser\u00e1 implementada por meio de incorpora\u00e7\u00e3o das a\u00e7\u00f5es do Carrefour Brasil em uma sociedade brasileira detida pelo CSA (MergerSub) para fins de convers\u00e3o da empresa em subsidi\u00e1ria integral da MergerSub, com a atribui\u00e7\u00e3o de a\u00e7\u00f5es preferenciais classe A, B ou C (a\u00e7\u00f5es resgat\u00e1veis) emitidas pela MergerSub para os titulares de a\u00e7\u00f5es do Carrefour Brasil em troca das a\u00e7\u00f5es incorporadas, disse a companhia.<\/p>\n<p>Esse processo ser\u00e1 seguido pelo resgate das &#8220;a\u00e7\u00f5es resgat\u00e1veis&#8221;, acrescentou o Carrefour Brasil em fato relevante ao mercado.\n<\/p>\n<p>Fonte: Folha de S.Paulo              <\/p>\n<\/div>\n<p><br \/>\n<br \/><a href=\"https:\/\/diariodobrasilnoticias.com.br\/noticia\/franceses-sugerem-encerrar-as-atividades-da-capital-do-carrefour-brasil-67abb90ca48e4\">Source link <\/a><\/p>","protected":false},"excerpt":{"rendered":"<p>O Carrefour Brasil anunciou nesta ter\u00e7a-feira (11) que o seu controlador, o grupo franc\u00eas Carrefour, apresentou proposta para converter a companhia em subsidi\u00e1ria integral, com a consequente deslistagem das a\u00e7\u00f5es&hellip;<\/p>","protected":false},"author":1,"featured_media":101789,"comment_status":"closed","ping_status":"open","sticky":false,"template":"","format":"standard","meta":{"content-type":"","footnotes":""},"categories":[16],"tags":[123,2448,5313,1267],"class_list":["post-101788","post","type-post","status-publish","format-standard","has-post-thumbnail","hentry","category-noticias","tag-brasil","tag-diario","tag-noticia","tag-noticias"],"_links":{"self":[{"href":"https:\/\/tvbrazilusa.com\/pt\/wp-json\/wp\/v2\/posts\/101788","targetHints":{"allow":["GET"]}}],"collection":[{"href":"https:\/\/tvbrazilusa.com\/pt\/wp-json\/wp\/v2\/posts"}],"about":[{"href":"https:\/\/tvbrazilusa.com\/pt\/wp-json\/wp\/v2\/types\/post"}],"author":[{"embeddable":true,"href":"https:\/\/tvbrazilusa.com\/pt\/wp-json\/wp\/v2\/users\/1"}],"replies":[{"embeddable":true,"href":"https:\/\/tvbrazilusa.com\/pt\/wp-json\/wp\/v2\/comments?post=101788"}],"version-history":[{"count":1,"href":"https:\/\/tvbrazilusa.com\/pt\/wp-json\/wp\/v2\/posts\/101788\/revisions"}],"predecessor-version":[{"id":101790,"href":"https:\/\/tvbrazilusa.com\/pt\/wp-json\/wp\/v2\/posts\/101788\/revisions\/101790"}],"wp:featuredmedia":[{"embeddable":true,"href":"https:\/\/tvbrazilusa.com\/pt\/wp-json\/wp\/v2\/media\/101789"}],"wp:attachment":[{"href":"https:\/\/tvbrazilusa.com\/pt\/wp-json\/wp\/v2\/media?parent=101788"}],"wp:term":[{"taxonomy":"category","embeddable":true,"href":"https:\/\/tvbrazilusa.com\/pt\/wp-json\/wp\/v2\/categories?post=101788"},{"taxonomy":"post_tag","embeddable":true,"href":"https:\/\/tvbrazilusa.com\/pt\/wp-json\/wp\/v2\/tags?post=101788"}],"curies":[{"name":"wp","href":"https:\/\/api.w.org\/{rel}","templated":true}]}}