{"id":101791,"date":"2025-02-11T23:02:32","date_gmt":"2025-02-11T23:02:32","guid":{"rendered":"https:\/\/tvbrazilusa.com\/2025\/02\/11\/urgente-promotor-do-tribunal-penal-internacional-e-o-primeiro-do-tpi-a-receber-sancoes-americanas\/"},"modified":"2025-02-11T23:02:33","modified_gmt":"2025-02-11T23:02:33","slug":"urgente-promotor-do-tribunal-penal-internacional-e-o-primeiro-do-tpi-a-receber-sancoes-americanas","status":"publish","type":"post","link":"https:\/\/tvbrazilusa.com\/pt\/2025\/02\/11\/urgente-promotor-do-tribunal-penal-internacional-e-o-primeiro-do-tpi-a-receber-sancoes-americanas\/","title":{"rendered":"URGENTE: Promotor do tribunal penal internacional \u00e9 o primeiro do TPI a receber san\u00e7\u00f5es americanas"},"content":{"rendered":"<p> <script async src=\"https:\/\/pagead2.googlesyndication.com\/pagead\/js\/adsbygoogle.js?client=ca-pub-8864793242727901\"\r\n     crossorigin=\"anonymous\"><\/script><br \/>\n<\/p>\n<div id=\"taboola-read-more\" style=\"display:block; width:100%\">\n<p>Promotor do Tribunal Penal Internacional (TPI), o brit\u00e2nico Karim Khan ser\u00e1 o primeiro funcion\u00e1rio do tribunal sancionado pelo presidente dos Estados Unidos, Donald Trump.\n<\/p>\n<p>Khan foi citado em uma ordem executiva assinada pelo republicano, a qual proibir\u00e1 o brit\u00e2nico e seus familiares de visitarem os EUA, al\u00e9m de congelar os bens no pa\u00eds.<\/p>\n<p>Em 60 dias, o secret\u00e1rio de Estado, Marco Rubio, e o secret\u00e1rio do Tesouro, Scott Bessent, finalizar\u00e3o um relat\u00f3rio com a lista de funcion\u00e1rios que devem ser sancionados pelo governo.\n<\/p>\n<p>No ano passado, o TPI emitiu um mandado de pris\u00e3o para o primeiro-ministro israelense, Benjamin Netanyahu, e para seu ex-ministro de Defesa, Yoav Gallant. Foi Khan quem solicitou o pedido.\n<\/p>\n<p>Parcialidade<br \/>As a\u00e7\u00f5es de Khan, por\u00e9m, n\u00e3o se estendem ao ditador venezuelano Nicol\u00e1s Maduro.\n<\/p>\n<p>Apesar das viola\u00e7\u00f5es de direitos humanos, dentre as quais torturas, desaparecimentos for\u00e7ados e assassinatos de pol\u00edtico, o TPI n\u00e3o pediu a pris\u00e3o do ditador.\n<\/p>\n<p>Uma reportagem do jornal The Washington Post de 6 de setembro mostrou que a cunhada de Khan, a advogada Venkateswari Alagendra, participou da defesa da ditadura venezuelana\u2026\n<\/p>\n<p>Fonte: O Antagonista              <\/p>\n<\/div>\n<p><br \/>\n<br \/><a href=\"https:\/\/diariodobrasilnoticias.com.br\/noticia\/urgente-promotor-do-tribunal-penal-internacional-e-o-primeiro-do-tpi-a-receber-sancoes-americanas-67abb73a71dc6\">Source link <\/a><\/p>","protected":false},"excerpt":{"rendered":"<p>Promotor do Tribunal Penal Internacional (TPI), o brit\u00e2nico Karim Khan ser\u00e1 o primeiro funcion\u00e1rio do tribunal sancionado pelo presidente dos Estados Unidos, Donald Trump. Khan foi citado em uma ordem&hellip;<\/p>","protected":false},"author":1,"featured_media":101792,"comment_status":"closed","ping_status":"open","sticky":false,"template":"","format":"standard","meta":{"content-type":"","footnotes":""},"categories":[16],"tags":[123,2448,5313,1267],"class_list":["post-101791","post","type-post","status-publish","format-standard","has-post-thumbnail","hentry","category-noticias","tag-brasil","tag-diario","tag-noticia","tag-noticias"],"_links":{"self":[{"href":"https:\/\/tvbrazilusa.com\/pt\/wp-json\/wp\/v2\/posts\/101791","targetHints":{"allow":["GET"]}}],"collection":[{"href":"https:\/\/tvbrazilusa.com\/pt\/wp-json\/wp\/v2\/posts"}],"about":[{"href":"https:\/\/tvbrazilusa.com\/pt\/wp-json\/wp\/v2\/types\/post"}],"author":[{"embeddable":true,"href":"https:\/\/tvbrazilusa.com\/pt\/wp-json\/wp\/v2\/users\/1"}],"replies":[{"embeddable":true,"href":"https:\/\/tvbrazilusa.com\/pt\/wp-json\/wp\/v2\/comments?post=101791"}],"version-history":[{"count":1,"href":"https:\/\/tvbrazilusa.com\/pt\/wp-json\/wp\/v2\/posts\/101791\/revisions"}],"predecessor-version":[{"id":101793,"href":"https:\/\/tvbrazilusa.com\/pt\/wp-json\/wp\/v2\/posts\/101791\/revisions\/101793"}],"wp:featuredmedia":[{"embeddable":true,"href":"https:\/\/tvbrazilusa.com\/pt\/wp-json\/wp\/v2\/media\/101792"}],"wp:attachment":[{"href":"https:\/\/tvbrazilusa.com\/pt\/wp-json\/wp\/v2\/media?parent=101791"}],"wp:term":[{"taxonomy":"category","embeddable":true,"href":"https:\/\/tvbrazilusa.com\/pt\/wp-json\/wp\/v2\/categories?post=101791"},{"taxonomy":"post_tag","embeddable":true,"href":"https:\/\/tvbrazilusa.com\/pt\/wp-json\/wp\/v2\/tags?post=101791"}],"curies":[{"name":"wp","href":"https:\/\/api.w.org\/{rel}","templated":true}]}}